{"id":49404,"date":"2024-01-17T10:49:07","date_gmt":"2024-01-17T13:49:07","guid":{"rendered":"https:\/\/infovera.com.ar\/web\/?p=49404"},"modified":"2024-01-17T10:50:28","modified_gmt":"2024-01-17T13:50:28","slug":"nueva-movil-para-la-epe-vera","status":"publish","type":"post","link":"https:\/\/infovera.com.ar\/web\/2024\/01\/17\/nueva-movil-para-la-epe-vera\/","title":{"rendered":"Nuevo m\u00f3vil para la EPE Vera"},"content":{"rendered":"<p>La intendente Paula Mitre junto al Jefe de la E.P.E. Sucursal Reconquista, Mart\u00edn Arizaga y el xoncejal Federico Moral, entregaron un nuevo m\u00f3vil 0 km. 4&#215;4 a la oficina local de la empresa.<\/p>\n<p>Al respecto, expres\u00f3: &#8220;Hemos acompa\u00f1ado la gesti\u00f3n de este nuevo m\u00f3vil ante la Empresa Provincial para que los operarios de nuestra ciudad puedan asistir a los vecinos de la ciudad y el distrito ante eventualidades energ\u00e9ticas.<\/p>\n<p>Se ha adelantado la entrega del veh\u00edculo debido a la emergencia h\u00eddrica, ya que las tormentas que azotaron la zona, dejaron sin energ\u00eda a varios parajes del Distrito Vera y por las condiciones del camino, solo se puede acceder v\u00eda camioneta 4&#215;4.<\/p>\n<p>Agradezco al Director Provincial de EPE, Hugo Marcucci por hacerse eco de nuestra solicitud ante la situaci\u00f3n que atravesamos&#8221;.<\/p>\n","protected":false},"excerpt":{"rendered":"<p>La intendente Paula Mitre junto al Jefe de la E.P.E. Sucursal Reconquista, Mart\u00edn Arizaga y el xoncejal Federico Moral, entregaron un nuevo m\u00f3vil 0 km. 4&#215;4 a la oficina local de la empresa. Al respecto, expres\u00f3: &#8220;Hemos acompa\u00f1ado la gesti\u00f3n de este nuevo m\u00f3vil ante la Empresa Provincial para que los operarios de nuestra ciudad [&hellip;]<\/p>\n","protected":false},"author":3,"featured_media":49405,"comment_status":"closed","ping_status":"closed","sticky":false,"template":"","format":"standard","meta":{"_joinchat":[],"footnotes":""},"categories":[53],"tags":[],"class_list":{"0":"post-49404","1":"post","2":"type-post","3":"status-publish","4":"format-standard","5":"has-post-thumbnail","7":"category-vera"},"_links":{"self":[{"href":"https:\/\/infovera.com.ar\/web\/wp-json\/wp\/v2\/posts\/49404","targetHints":{"allow":["GET"]}}],"collection":[{"href":"https:\/\/infovera.com.ar\/web\/wp-json\/wp\/v2\/posts"}],"about":[{"href":"https:\/\/infovera.com.ar\/web\/wp-json\/wp\/v2\/types\/post"}],"author":[{"embeddable":true,"href":"https:\/\/infovera.com.ar\/web\/wp-json\/wp\/v2\/users\/3"}],"replies":[{"embeddable":true,"href":"https:\/\/infovera.com.ar\/web\/wp-json\/wp\/v2\/comments?post=49404"}],"version-history":[{"count":0,"href":"https:\/\/infovera.com.ar\/web\/wp-json\/wp\/v2\/posts\/49404\/revisions"}],"wp:featuredmedia":[{"embeddable":true,"href":"https:\/\/infovera.com.ar\/web\/wp-json\/wp\/v2\/media\/49405"}],"wp:attachment":[{"href":"https:\/\/infovera.com.ar\/web\/wp-json\/wp\/v2\/media?parent=49404"}],"wp:term":[{"taxonomy":"category","embeddable":true,"href":"https:\/\/infovera.com.ar\/web\/wp-json\/wp\/v2\/categories?post=49404"},{"taxonomy":"post_tag","embeddable":true,"href":"https:\/\/infovera.com.ar\/web\/wp-json\/wp\/v2\/tags?post=49404"}],"curies":[{"name":"wp","href":"https:\/\/api.w.org\/{rel}","templated":true}]}}