{"id":49328,"date":"2024-01-12T15:02:11","date_gmt":"2024-01-12T18:02:11","guid":{"rendered":"https:\/\/infovera.com.ar\/web\/?p=49328"},"modified":"2024-01-13T19:47:16","modified_gmt":"2024-01-13T22:47:16","slug":"habitantes-de-la-cuna-denuncian-abandono-de-la-epe-en-dos-semanas-tuvimos-un-solo-dia-luz","status":"publish","type":"post","link":"https:\/\/infovera.com.ar\/web\/2024\/01\/12\/habitantes-de-la-cuna-denuncian-abandono-de-la-epe-en-dos-semanas-tuvimos-un-solo-dia-luz\/","title":{"rendered":"Habitantes de la Cu\u00f1a denuncian abandono de la EPE: &#8220;Hay gente que en dos semanas tuvo un solo d\u00eda luz&#8221;"},"content":{"rendered":"<p>Son productores ganaderos y lugare\u00f1os que viven en la zona rural de Vera y padecen una situaci\u00f3n oprobiosa. Adem\u00e1s de estar inundados, no tienen energ\u00eda el\u00e9ctrica. L\u00edneas en mal estado y alimentos podridos.<\/p>\n<p>&#8220;Las comunidades est\u00e1n inundadas, y encima, sin nada de electricidad en el pueblo para guardar los alimentos. Se nos pudri\u00f3 todo, todo, todo&#8221;, exterioriz\u00f3 su pesar y malestar Andrea, vecina del paraje Santa Luc\u00eda, situado al oeste de la ciudad de Vera.<\/p>\n<p>La mujer de profesi\u00f3n docente trabaja en el 70\/800, otro enclave rural verense que padece id\u00e9nticos inconvientes de falta de suministro el\u00e9ctrico, agravados por las inundaciones a causa de las lluvias y por la falta de caminos en buen estado.<\/p>\n<p>&#8220;Estamos viviendo una situaci\u00f3n tan terrible, sin caminos, con el agua en las puertas, la cantidad de alima\u00f1as que sali\u00f3, sin agua apta para consumo porque en Santa Luc\u00eda se llenaron las c\u00e1maras de agua de cuneta, as\u00ed que sale el agua negra de charco&#8230; y adem\u00e1s sin luz&#8221;, describi\u00f3 a<strong> InfoVera<\/strong>, para luego suplicar: &#8220;Pedimos piedad a estos funcionarios por favor&#8221;.<\/p>\n<p>Desde su hoy inh\u00f3spito terru\u00f1o, clam\u00f3: &#8220;Necesitamos que el funcionario de la EPE responsable de Zona Norte se presente y que nos den soluciones&#8221;. Asimismo, cont\u00f3 que &#8220;estamos iniciando un reclamo a trav\u00e9s de la Defensor\u00eda del Pueblo tambi\u00e9n. Abri\u00f3 un expediente la defensora, y estamos comunicando todo telef\u00f3nicamente porque hace bastante que de ac\u00e1 no se puede salir por las lluvias. Ella est\u00e1 cargando datos de todos los habitantes damnificados para hacer la presentaci\u00f3n&#8221;.<\/p>\n<p><a href=\"https:\/\/infovera.com.ar\/web\/wp-content\/uploads\/2024\/01\/lineas-1.png\"><img loading=\"lazy\" decoding=\"async\" class=\"alignleft size-full wp-image-49330\" src=\"https:\/\/infovera.com.ar\/web\/wp-content\/uploads\/2024\/01\/lineas-1.png\" alt=\"\" width=\"1600\" height=\"1401\" srcset=\"https:\/\/infovera.com.ar\/web\/wp-content\/uploads\/2024\/01\/lineas-1.png 1600w, https:\/\/infovera.com.ar\/web\/wp-content\/uploads\/2024\/01\/lineas-1-696x609.png 696w, https:\/\/infovera.com.ar\/web\/wp-content\/uploads\/2024\/01\/lineas-1-1068x935.png 1068w, https:\/\/infovera.com.ar\/web\/wp-content\/uploads\/2024\/01\/lineas-1-480x420.png 480w\" sizes=\"auto, (max-width: 1600px) 100vw, 1600px\" \/><\/a><\/p>\n<p><strong>L\u00edneas rotas<\/strong><\/p>\n<p>Paralelamente, Mat\u00edas P., un ganadero del mismo distrito con campo sobre la Ruta 98, puso sobre la mesa los mismos padecimientos que la maestra norte\u00f1a: &#8220;El tendido el\u00e9ctrico de la zona rural que comprende todo lo que es Ruta 98, paraje el 38, El Cerrito, Santa Luc\u00eda, el 17, el 29, est\u00e1 muy, muy roto, no da m\u00e1s&#8221;.<\/p>\n<p>&#8220;Hay gente en el 38 que desde el 29 de diciembre tuvo solamente un d\u00eda luz, yo en mi caso particular tuve que tirar casi un freezer lleno de carne porque se me ech\u00f3 a perder. La l\u00ednea est\u00e1 muy rota. La EPE no hace nada, solamente te da luz, pero si sopla un viento se te corta la luz, y ah\u00ed nos toca estar otra vez 4 o 5 d\u00edas sin luz&#8221;, relat\u00f3, apesadumbrado.<\/p>\n<p>El productor rural cit\u00f3 una denuncia realizada ante Defensa del Consumidor: &#8220;Ellos se est\u00e1n moviendo tambi\u00e9n a ver si de una vez por todas se empieza a reparar las l\u00edneas que est\u00e1n total, pero totalmente abandonadas. Hay gente mayor y criaturas abandonada en los parajes&#8221;.<\/p>\n<p>&#8220;Es hora de que la EPE comience a hacer algo&#8221;, reclam\u00f3, porque &#8220;cambia la vida cuando llega la luz, pero despu\u00e9s depend\u00e9s de ese servicio para vivir, y con lo que cost\u00f3 instalar ese servicio en estas zonas que ahora nadie haga nada y les importe tres pepinos si vos ten\u00e9s o no ten\u00e9s luz, eso da mucha impotencia&#8221;, se indign\u00f3, para finalizar: &#8220;Hay bastante gente que estamos juntando firma, queremos que se solucione esto de una vez por todas, no se puede vivir as\u00ed&#8221;.<\/p>\n<p>&nbsp;<\/p>\n","protected":false},"excerpt":{"rendered":"<p>Son productores ganaderos y lugare\u00f1os que viven en la zona rural de Vera y padecen una situaci\u00f3n oprobiosa. Adem\u00e1s de estar inundados, no tienen energ\u00eda el\u00e9ctrica. L\u00edneas en mal estado y alimentos podridos. &#8220;Las comunidades est\u00e1n inundadas, y encima, sin nada de electricidad en el pueblo para guardar los alimentos. Se nos pudri\u00f3 todo, todo, [&hellip;]<\/p>\n","protected":false},"author":3,"featured_media":49329,"comment_status":"closed","ping_status":"closed","sticky":false,"template":"","format":"standard","meta":{"_joinchat":[],"footnotes":""},"categories":[53],"tags":[],"class_list":{"0":"post-49328","1":"post","2":"type-post","3":"status-publish","4":"format-standard","5":"has-post-thumbnail","7":"category-vera"},"_links":{"self":[{"href":"https:\/\/infovera.com.ar\/web\/wp-json\/wp\/v2\/posts\/49328","targetHints":{"allow":["GET"]}}],"collection":[{"href":"https:\/\/infovera.com.ar\/web\/wp-json\/wp\/v2\/posts"}],"about":[{"href":"https:\/\/infovera.com.ar\/web\/wp-json\/wp\/v2\/types\/post"}],"author":[{"embeddable":true,"href":"https:\/\/infovera.com.ar\/web\/wp-json\/wp\/v2\/users\/3"}],"replies":[{"embeddable":true,"href":"https:\/\/infovera.com.ar\/web\/wp-json\/wp\/v2\/comments?post=49328"}],"version-history":[{"count":0,"href":"https:\/\/infovera.com.ar\/web\/wp-json\/wp\/v2\/posts\/49328\/revisions"}],"wp:featuredmedia":[{"embeddable":true,"href":"https:\/\/infovera.com.ar\/web\/wp-json\/wp\/v2\/media\/49329"}],"wp:attachment":[{"href":"https:\/\/infovera.com.ar\/web\/wp-json\/wp\/v2\/media?parent=49328"}],"wp:term":[{"taxonomy":"category","embeddable":true,"href":"https:\/\/infovera.com.ar\/web\/wp-json\/wp\/v2\/categories?post=49328"},{"taxonomy":"post_tag","embeddable":true,"href":"https:\/\/infovera.com.ar\/web\/wp-json\/wp\/v2\/tags?post=49328"}],"curies":[{"name":"wp","href":"https:\/\/api.w.org\/{rel}","templated":true}]}}