{"id":49325,"date":"2024-01-12T14:23:18","date_gmt":"2024-01-12T17:23:18","guid":{"rendered":"https:\/\/infovera.com.ar\/web\/?p=49325"},"modified":"2024-01-12T14:23:18","modified_gmt":"2024-01-12T17:23:18","slug":"rojas-la-situacion-en-vera-se-normaliza-de-a-poco-ahora-se-prioriza-la-asistencia-a-la-poblacion-rural","status":"publish","type":"post","link":"https:\/\/infovera.com.ar\/web\/2024\/01\/12\/rojas-la-situacion-en-vera-se-normaliza-de-a-poco-ahora-se-prioriza-la-asistencia-a-la-poblacion-rural\/","title":{"rendered":"Rojas: \u201cLa situaci\u00f3n en Vera se normaliza de a poco, ahora se prioriza la asistencia a la poblaci\u00f3n rural\u201d"},"content":{"rendered":"<p>En los \u00faltimos d\u00edas se registraron abundantes lluvias en el departamento Vera y en toda la regi\u00f3n. S\u00f3lo en la ciudad de Vera se precipitaron m\u00e1s de 400mm, causando severas consecuencias, incluyendo familias enteras evacuadas o autoevacuadase importantes da\u00f1os materiales.<\/p>\n<p>Sergio \u201cChiqui\u201d Rojas destac\u00f3, en primer lugar, \u201cla solidaridad y el compromiso de la gente frente a esta situaci\u00f3n. Pusimos a disposici\u00f3n un n\u00famero de tel\u00e9fono para que los vecinos y vecinas se anoten como voluntarios para dar una mano, y la verdad es que nos sorprendi\u00f3 la respuesta de la gente, se sumaron much\u00edsimas personas. En permanente coordinaci\u00f3n con la intendenta municipal y todo su equipo, pudimos dar asistencia a las personas afectadas, brindarles la merienda y una cena caliente, y ayudar a quienes no quisieron abandonar sus hogares.\u201d<\/p>\n<p>Agreg\u00f3 que \u201cLa situaci\u00f3n en la ciudad de Vera se va normalizando de a poco y ahora la asistencia se prioriza a la poblaci\u00f3n rural, todav\u00eda no se pudo acceder a algunos lugares por el estado de los caminos. De todos modos seguimos pidiendo a la gente que toma precauciones, fundamentalmente que no arrojen basura, ramas o cualquier objeto que pueda obstruir las cunetas y los desag\u00fces ya que se esperan nuevas lluvias en los pr\u00f3ximos d\u00edas.\u201d<\/p>\n<p>El d\u00eda mi\u00e9rcoles el gobernador y la vicegobernadora ten\u00edan una recorrida programada por el departamento, la cual fue suspendida por la situaci\u00f3n clim\u00e1tica. Consultado al respecto, Rojas expres\u00f3 que \u201c\u00edbamos a participar de la reuni\u00f3n de gabinete en Reconquista y a recorrer el departamento. Obviamente esa agenda se suspendi\u00f3 y el gobernador se puso al frente del comit\u00e9 de emergencia. Tambi\u00e9n estuvieron los ministros Bast\u00eda, Enrico y Tejeda, y el secretario de gobierno, Juan Cruz C\u00e1ndido, colaborando y trabajando junto a la intendenta, los concejales, bomberos, polic\u00eda, personal de salud, instituciones.\u201d<\/p>\n<p>El diputado agreg\u00f3 que \u201cya ven\u00edamos trabajando en conjunto con provincia previendo que estos acontecimientos pod\u00edan suceder. En este sentido, recientemente aprobamos en la Legislatura la Ley de Emergencia H\u00eddrica, que permiti\u00f3 agilizar el apoyo y env\u00edo de ayuda para toda la regi\u00f3n. Si bien estos d\u00edas nos dieron un respiro, est\u00e1n pronosticados que vuelvan las precipitaciones, tenemos que seguir alerta y preparados.\u201d<\/p>\n","protected":false},"excerpt":{"rendered":"<p>En los \u00faltimos d\u00edas se registraron abundantes lluvias en el departamento Vera y en toda la regi\u00f3n. S\u00f3lo en la ciudad de Vera se precipitaron m\u00e1s de 400mm, causando severas consecuencias, incluyendo familias enteras evacuadas o autoevacuadase importantes da\u00f1os materiales. Sergio \u201cChiqui\u201d Rojas destac\u00f3, en primer lugar, \u201cla solidaridad y el compromiso de la gente [&hellip;]<\/p>\n","protected":false},"author":3,"featured_media":49326,"comment_status":"closed","ping_status":"closed","sticky":false,"template":"","format":"standard","meta":{"_joinchat":[],"footnotes":""},"categories":[53],"tags":[],"class_list":{"0":"post-49325","1":"post","2":"type-post","3":"status-publish","4":"format-standard","5":"has-post-thumbnail","7":"category-vera"},"_links":{"self":[{"href":"https:\/\/infovera.com.ar\/web\/wp-json\/wp\/v2\/posts\/49325","targetHints":{"allow":["GET"]}}],"collection":[{"href":"https:\/\/infovera.com.ar\/web\/wp-json\/wp\/v2\/posts"}],"about":[{"href":"https:\/\/infovera.com.ar\/web\/wp-json\/wp\/v2\/types\/post"}],"author":[{"embeddable":true,"href":"https:\/\/infovera.com.ar\/web\/wp-json\/wp\/v2\/users\/3"}],"replies":[{"embeddable":true,"href":"https:\/\/infovera.com.ar\/web\/wp-json\/wp\/v2\/comments?post=49325"}],"version-history":[{"count":0,"href":"https:\/\/infovera.com.ar\/web\/wp-json\/wp\/v2\/posts\/49325\/revisions"}],"wp:featuredmedia":[{"embeddable":true,"href":"https:\/\/infovera.com.ar\/web\/wp-json\/wp\/v2\/media\/49326"}],"wp:attachment":[{"href":"https:\/\/infovera.com.ar\/web\/wp-json\/wp\/v2\/media?parent=49325"}],"wp:term":[{"taxonomy":"category","embeddable":true,"href":"https:\/\/infovera.com.ar\/web\/wp-json\/wp\/v2\/categories?post=49325"},{"taxonomy":"post_tag","embeddable":true,"href":"https:\/\/infovera.com.ar\/web\/wp-json\/wp\/v2\/tags?post=49325"}],"curies":[{"name":"wp","href":"https:\/\/api.w.org\/{rel}","templated":true}]}}