{"id":49322,"date":"2024-01-12T13:13:31","date_gmt":"2024-01-12T16:13:31","guid":{"rendered":"https:\/\/infovera.com.ar\/web\/?p=49322"},"modified":"2024-01-12T15:04:28","modified_gmt":"2024-01-12T18:04:28","slug":"amenazaron-a-la-familia-de-vallejos-e-investigan-la-presencia-de-agitadores","status":"publish","type":"post","link":"https:\/\/infovera.com.ar\/web\/2024\/01\/12\/amenazaron-a-la-familia-de-vallejos-e-investigan-la-presencia-de-agitadores\/","title":{"rendered":"Amenazaron a la familia de Vallejos e investigan la presencia de agitadores"},"content":{"rendered":"<p>Tres sujetos se presentaron en su domicilio particular e intimidaron a su hija con &#8220;prender fuego&#8221; la casa.<\/p>\n<p>El clima social no es el mejor en la ciudad que busca sobreponerse a los devastadores efectos de las inundaciones que comprometieron a 40 mil personas como consecuencia de lluvias monz\u00f3nicas.<\/p>\n<p>Obviamente, el estado an\u00edmico de los vecinos inundados es de desaz\u00f3n, bronca y malestar por lo ocurrido el mi\u00e9rcoles, con 300 mm ca\u00eddos en 7 horas, y de angustia y temor por lo que pueda venir en los pr\u00f3ximos d\u00edas desde el cielo o de las aguas desbordadas del arroyo El Rey.<\/p>\n<p>En este escenario de crisis, con la devastaci\u00f3n provocada por el meteoro presente en cada rinc\u00f3n, est\u00e1n aquellos que emprenden acciones re\u00f1idas con la ley y profundamente equidistantes de la voluntad solidaria y de mancomuni\u00f3n que desmuestra la gran mayor\u00eda de los componentes de la comunidad.<\/p>\n<p>Es as\u00ed que tres sujetos se acercaron en la tarde noche del jueves al domicilio particualr del intendedente de Reconquista, Amadeo Enrique Vallejos, y amenazaron con prender fuego la vivienda. En ese momento, el mandatario se encontraba trabajando en la emergencia h\u00eddrica y quien recibi\u00f3 la amenaza fue su hija menor, confirm\u00f3 este mediodia el secretario municipal de Control P\u00fablico, Nicol\u00e1s Sandrigo.<\/p>\n<p>\u201cAyer a la tardecita pasaron tres muchachos por su casa e hicieron una amenaza. \u2018Enri\u2019 no estaba all\u00ed, estaba la hija m\u00e1s chica, y ah\u00ed vociferaron cosas y amenazaron. Esperemos que la Polic\u00eda de investigaciones pueda ir a hacer la entrevista y ver el tema de las c\u00e1maras y dem\u00e1s, para poder identificar a las personas\u201d, manifest\u00f3 Sandrigo, en declaraciones radiales.<\/p>\n<p>\u201cQueremos decirle a la gente que hay que tener un poco de paciencia y tranquilidad, que el intendente est\u00e1 trabajando en todos lados, pero que hay cosas que nos superan a nosotros. 500 mil\u00edmetros en un d\u00eda no es una responsabilidad nuestra. Ir a tu casa a la tardecita cuando vos no est\u00e1s es realmente de una cobard\u00eda enorme\u201d, finaliz\u00f3 el secretario.<\/p>\n<p><strong>Drogas, alcohol y utilizaci\u00f3n\u00a0<\/strong><\/p>\n<p>Minutos despu\u00e9s de conocerse la noticia, el Dr. Vallejos brind\u00f3 su parecer sobre el hecho en di\u00e1logo con Radio Ciudad 88.1.<\/p>\n<p>\u201cCreo que al ser cristianos siempre vemos el dolor del otro como nuestros mismos dolores, y creo que siempre que nos ponemos en el lugar del otro nunca nos vamos a equivocar. Por eso, ingresamos igual a algunos lugares donde la gente estaba muy mala, muy irritada. Imag\u00ednense gente que, por primera vez, le ingres\u00f3 agua dentro de su vivienda. Bueno, en ese momento tuvimos que aguantar algunas cosas\u201d, comenz\u00f3 diciendo.<\/p>\n<p>Y prosigui\u00f3: \u201cAyer un hecho se dio en mi casa particular, donde tres personas fueron a agredir, a tocar timbre, a gritar, y a amenazar. Lamentablemente yo no estaba, estaba mi hija sola all\u00ed. Pero se dan tambi\u00e9n estos casos\u201d.<\/p>\n<p>Resalt\u00f3 que esta no es la primera amenaza que recibe: \u201cEn el caso de mi vivienda particular, no es la primera vez, m\u00e1s de diez veces ya tuve problemas. No quiero magnificar, entendemos por all\u00ed algunas reacciones y tambi\u00e9n que hay algunos inadaptados que, con la influencia del alcohol y las drogas, lamentablemente a veces\u00a0son usados para generar alg\u00fan tipo de hecho y tapar con una noticia, que se la va fabricando, todo el bien que se est\u00e1 haciendo,\u00a0como la solidaridad que aflor\u00f3 en nuestra sociedad, que es algo que caracteriza a Reconquista\u201d.<\/p>\n<p>Fuentes confiables del gobierno local revelaron off de r\u00e9cord la detecci\u00f3n de personas de distinto signo pol\u00edtico en zonas muy da\u00f1adas por el fen\u00f3meno clim\u00e1tico portando mensajes que alentar\u00edan a la revuelta y al reclamo virulento contra las autoridades actuales, del tono de \u201cno hicieron nada, por eso pas\u00f3 esto\u201d.<\/p>\n<p><strong>Repudio<\/strong><\/p>\n<p>Los concejales miembros del bloque Partido Justicialista del Concejo Municipal y como ciudadanos y ciudadanas de Reconquista expresaron su m\u00e1s en\u00e9rgico repudio a las amenazas y agravios recibidos por el intendente Amadeo Enrique Vallejos y su familia el d\u00eda jueves 11 de enero de 2024 por parte de tres personas que habr\u00edan amenazado con prender fuego su casa.<\/p>\n<p>\u201cLa v\u00edctima directa de esta amenaza fue una de sus hijas que se encontraba sola en la vivienda al momento del hecho\u201d, denunciaron los ediles oficialistas y consideraron que \u201cestas acciones son inadmisibles en una sociedad democr\u00e1tica, que respeta la diversidad de opiniones y el di\u00e1logo como forma de resolver los conflictos. Rechazamos cualquier forma de violencia e intolerancia que atente contra la convivencia pac\u00edfica y el estado de derecho\u201d.<\/p>\n<p>En tal sentido, manifestaron su apoyo y solidaridad al intendente Vallejos, quien \u201cha demostrado su compromiso y responsabilidad\u201d con la gesti\u00f3n municipal, especialmente en el contexto de la emergencia h\u00eddrica que afecta a nuestra ciudad y a la regi\u00f3n.<\/p>\n<p>En tanto, exigieron a las autoridades competentes que \u201cinvestiguen y sancionen\u201d a los responsables de estas amenazas, que no s\u00f3lo afectan a una persona, sino a toda la comunidad, e instaron todos los sectores pol\u00edticos, sociales y econ\u00f3micos a repudiar estos hechos y a defender la democracia, la paz y el bien com\u00fan.<\/p>\n","protected":false},"excerpt":{"rendered":"<p>Tres sujetos se presentaron en su domicilio particular e intimidaron a su hija con &#8220;prender fuego&#8221; la casa. El clima social no es el mejor en la ciudad que busca sobreponerse a los devastadores efectos de las inundaciones que comprometieron a 40 mil personas como consecuencia de lluvias monz\u00f3nicas. Obviamente, el estado an\u00edmico de los [&hellip;]<\/p>\n","protected":false},"author":3,"featured_media":49323,"comment_status":"closed","ping_status":"closed","sticky":false,"template":"","format":"standard","meta":{"_joinchat":[],"footnotes":""},"categories":[55,61],"tags":[],"class_list":{"0":"post-49322","1":"post","2":"type-post","3":"status-publish","4":"format-standard","5":"has-post-thumbnail","7":"category-reconquista","8":"category-regionales"},"_links":{"self":[{"href":"https:\/\/infovera.com.ar\/web\/wp-json\/wp\/v2\/posts\/49322","targetHints":{"allow":["GET"]}}],"collection":[{"href":"https:\/\/infovera.com.ar\/web\/wp-json\/wp\/v2\/posts"}],"about":[{"href":"https:\/\/infovera.com.ar\/web\/wp-json\/wp\/v2\/types\/post"}],"author":[{"embeddable":true,"href":"https:\/\/infovera.com.ar\/web\/wp-json\/wp\/v2\/users\/3"}],"replies":[{"embeddable":true,"href":"https:\/\/infovera.com.ar\/web\/wp-json\/wp\/v2\/comments?post=49322"}],"version-history":[{"count":0,"href":"https:\/\/infovera.com.ar\/web\/wp-json\/wp\/v2\/posts\/49322\/revisions"}],"wp:featuredmedia":[{"embeddable":true,"href":"https:\/\/infovera.com.ar\/web\/wp-json\/wp\/v2\/media\/49323"}],"wp:attachment":[{"href":"https:\/\/infovera.com.ar\/web\/wp-json\/wp\/v2\/media?parent=49322"}],"wp:term":[{"taxonomy":"category","embeddable":true,"href":"https:\/\/infovera.com.ar\/web\/wp-json\/wp\/v2\/categories?post=49322"},{"taxonomy":"post_tag","embeddable":true,"href":"https:\/\/infovera.com.ar\/web\/wp-json\/wp\/v2\/tags?post=49322"}],"curies":[{"name":"wp","href":"https:\/\/api.w.org\/{rel}","templated":true}]}}