{"id":49319,"date":"2024-01-12T14:08:36","date_gmt":"2024-01-12T17:08:36","guid":{"rendered":"https:\/\/infovera.com.ar\/web\/?p=49319"},"modified":"2024-01-13T19:48:13","modified_gmt":"2024-01-13T22:48:13","slug":"monje-y-lacuadra-asumieron-la-jefatura-de-la-unidad-regional-xix","status":"publish","type":"post","link":"https:\/\/infovera.com.ar\/web\/2024\/01\/12\/monje-y-lacuadra-asumieron-la-jefatura-de-la-unidad-regional-xix\/","title":{"rendered":"Monje y Lacuadra asumieron la jefatura de la Unidad Regional XIX"},"content":{"rendered":"<p>Esta ma\u00f1ana, en el hall de la Unidad Regional XIX y en cumplimiento de las disposiciones del Gobierno de la Provincia, tomaron posesi\u00f3n del cargo las nuevas autoridades de la Jefatura Regional.<\/p>\n<p>El acto presidido por el secretario de Seguridad Provincial Comandante General (GNA) Omar Pereyra y el flamante jefe de Polic\u00eda de la Provincia Director General Luis Maldonado, quien mediante el contenido de Resoluci\u00f3n Ministerial N\u00ba 006 del corriente a\u00f1o, puso en funciones al nuevo titular de la misma Director de Polic\u00eda Ariel Omar Monje.<\/p>\n<p>Posteriormente, el recientemente designado titular, impuso la f\u00f3rmula de rigor al flamante Segundo Jefe, Subdirector de Polic\u00eda Dar\u00edo Javier Lacuadra, poni\u00e9ndolo as\u00ed en funciones para el cargo que fue designado.<\/p>\n<p>Ambos funcionarios son de la ciudad de Vera.<\/p>\n<p>Aacompa\u00f1aron la ceremonia la intendente Paula Mitre, el director de Seguridad Rural Los Pumas Director de Polic\u00eda Adri\u00e1n Roland; el jefe del Dpto. General Obligado Director General de Polic\u00eda Julio Lucer; el jefe del Departamento Relaciones Policiales Director de Polic\u00eda Lic. Carlos Pagano; la subjefa del Departamento Relaciones Policiales Comisario Daniela Gonz\u00e1lez, el coordinador Operativa Norte Director General Lino Segretin; funcionarios provinciales, locales, Plana Mayor y Plana Mayor Especial, jefes de las distintas comisar\u00edaas junto al Jefe saliente Sub. Director de Polic\u00eda Omar Duarte.<\/p>\n<p>En la ocasi\u00f3n, el extitular expres\u00f3 mediante su discurso de despedida un eterno y absoluto agradecimiento al personal policial por el acompa\u00f1amiento en su mandato; adem\u00e1s se cont\u00f3 con la presencia de medios de comunicaci\u00f3n y familiares de los recientemente asumidos.<\/p>\n","protected":false},"excerpt":{"rendered":"<p>Esta ma\u00f1ana, en el hall de la Unidad Regional XIX y en cumplimiento de las disposiciones del Gobierno de la Provincia, tomaron posesi\u00f3n del cargo las nuevas autoridades de la Jefatura Regional. El acto presidido por el secretario de Seguridad Provincial Comandante General (GNA) Omar Pereyra y el flamante jefe de Polic\u00eda de la Provincia [&hellip;]<\/p>\n","protected":false},"author":3,"featured_media":49320,"comment_status":"closed","ping_status":"closed","sticky":false,"template":"","format":"standard","meta":{"_joinchat":[],"footnotes":""},"categories":[53],"tags":[],"class_list":{"0":"post-49319","1":"post","2":"type-post","3":"status-publish","4":"format-standard","5":"has-post-thumbnail","7":"category-vera"},"_links":{"self":[{"href":"https:\/\/infovera.com.ar\/web\/wp-json\/wp\/v2\/posts\/49319","targetHints":{"allow":["GET"]}}],"collection":[{"href":"https:\/\/infovera.com.ar\/web\/wp-json\/wp\/v2\/posts"}],"about":[{"href":"https:\/\/infovera.com.ar\/web\/wp-json\/wp\/v2\/types\/post"}],"author":[{"embeddable":true,"href":"https:\/\/infovera.com.ar\/web\/wp-json\/wp\/v2\/users\/3"}],"replies":[{"embeddable":true,"href":"https:\/\/infovera.com.ar\/web\/wp-json\/wp\/v2\/comments?post=49319"}],"version-history":[{"count":0,"href":"https:\/\/infovera.com.ar\/web\/wp-json\/wp\/v2\/posts\/49319\/revisions"}],"wp:featuredmedia":[{"embeddable":true,"href":"https:\/\/infovera.com.ar\/web\/wp-json\/wp\/v2\/media\/49320"}],"wp:attachment":[{"href":"https:\/\/infovera.com.ar\/web\/wp-json\/wp\/v2\/media?parent=49319"}],"wp:term":[{"taxonomy":"category","embeddable":true,"href":"https:\/\/infovera.com.ar\/web\/wp-json\/wp\/v2\/categories?post=49319"},{"taxonomy":"post_tag","embeddable":true,"href":"https:\/\/infovera.com.ar\/web\/wp-json\/wp\/v2\/tags?post=49319"}],"curies":[{"name":"wp","href":"https:\/\/api.w.org\/{rel}","templated":true}]}}