{"id":49295,"date":"2024-01-11T09:39:22","date_gmt":"2024-01-11T12:39:22","guid":{"rendered":"https:\/\/infovera.com.ar\/web\/?p=49295"},"modified":"2024-01-11T19:42:48","modified_gmt":"2024-01-11T22:42:48","slug":"inundados-permitieron-restablecer-el-paso-por-la-ruta-40","status":"publish","type":"post","link":"https:\/\/infovera.com.ar\/web\/2024\/01\/11\/inundados-permitieron-restablecer-el-paso-por-la-ruta-40\/","title":{"rendered":"Inundados permitieron restablecer el paso por la Ruta 40"},"content":{"rendered":"<p>Hab\u00eda sido cortada con un zanj\u00f3n para escurrir el agua acumulada en viviendas.<\/p>\n<p>La v\u00eda provincial que conecta a pueblos de la Cu\u00f1a Boscosa y del centro oeste de General Obligado con Reconquista hab\u00eda sido cortada por vecinos afectados por las inundaciones provocadas por las lluvias. A punta de palas y picos, en la tarde del mi\u00e9rcoles, cruzaron en forma transversal la ruta con una zanj\u00f3n que pretend\u00edan que actuara de aliviador del agua acumulada en sus casas de Barrio Nuevo.<\/p>\n<p>Al caer la noche, varios de ellos estaban apostados sobre la traza vial y con tono desafiante no dejaban que el municipio colocara chapones para salvar el tr\u00e1nsito por encima de la cuneta de unos 60 cent\u00edmetros de ancho que en forma rudimentaria realizaron.<\/p>\n<p>La ayuda alimentaria a damnificados del extremo oeste de la ciudad implementada por el gobierno local debi\u00f3 ser pasada en forma pedestre ante la rebeld\u00eda del grupo instalado sobre el pavimento de dejar pasar veh\u00edculos por el sitio.<\/p>\n<p>Con las primeras horas del d\u00eda, la polic\u00eda inform\u00f3 que \u201ccon respecto al corte de Ruta 40 S, por la noche personal municipal hizo entrega de bolsones de mercader\u00eda custodiados por el Grupo de Operaciones Especiales\u201d.<\/p>\n<p>El parte policial dio cuenta que cerca de la medianoche se hizo presente el intendente Amadeo Enrique Vallejos, el director de Protecci\u00f3n Civil de la provincia Marcos Escajadillo y \u201cluego personal de la Municipalidad restableci\u00f3 el tr\u00e1nsito colocando chapones\u201d.<\/p>\n<p>En la zona del conflicto, dos m\u00f3viles policiales fueron apostados en forma preventiva y en la ma\u00f1ana de este jueves Vialidad Provincial comenzar\u00e1 con el alcantarillado y reparaci\u00f3n de ruta.<\/p>\n<p>Se aclar\u00f3 que mediante el uso de bombas se logr\u00f3 escurrir completamente el agua del barrio, en medio de un mejoramiento temporario de las condiciones clim\u00e1ticas.<\/p>\n","protected":false},"excerpt":{"rendered":"<p>Hab\u00eda sido cortada con un zanj\u00f3n para escurrir el agua acumulada en viviendas. La v\u00eda provincial que conecta a pueblos de la Cu\u00f1a Boscosa y del centro oeste de General Obligado con Reconquista hab\u00eda sido cortada por vecinos afectados por las inundaciones provocadas por las lluvias. A punta de palas y picos, en la tarde [&hellip;]<\/p>\n","protected":false},"author":3,"featured_media":49296,"comment_status":"closed","ping_status":"closed","sticky":false,"template":"","format":"standard","meta":{"_joinchat":[],"footnotes":""},"categories":[55,61],"tags":[],"class_list":{"0":"post-49295","1":"post","2":"type-post","3":"status-publish","4":"format-standard","5":"has-post-thumbnail","7":"category-reconquista","8":"category-regionales"},"_links":{"self":[{"href":"https:\/\/infovera.com.ar\/web\/wp-json\/wp\/v2\/posts\/49295","targetHints":{"allow":["GET"]}}],"collection":[{"href":"https:\/\/infovera.com.ar\/web\/wp-json\/wp\/v2\/posts"}],"about":[{"href":"https:\/\/infovera.com.ar\/web\/wp-json\/wp\/v2\/types\/post"}],"author":[{"embeddable":true,"href":"https:\/\/infovera.com.ar\/web\/wp-json\/wp\/v2\/users\/3"}],"replies":[{"embeddable":true,"href":"https:\/\/infovera.com.ar\/web\/wp-json\/wp\/v2\/comments?post=49295"}],"version-history":[{"count":0,"href":"https:\/\/infovera.com.ar\/web\/wp-json\/wp\/v2\/posts\/49295\/revisions"}],"wp:featuredmedia":[{"embeddable":true,"href":"https:\/\/infovera.com.ar\/web\/wp-json\/wp\/v2\/media\/49296"}],"wp:attachment":[{"href":"https:\/\/infovera.com.ar\/web\/wp-json\/wp\/v2\/media?parent=49295"}],"wp:term":[{"taxonomy":"category","embeddable":true,"href":"https:\/\/infovera.com.ar\/web\/wp-json\/wp\/v2\/categories?post=49295"},{"taxonomy":"post_tag","embeddable":true,"href":"https:\/\/infovera.com.ar\/web\/wp-json\/wp\/v2\/tags?post=49295"}],"curies":[{"name":"wp","href":"https:\/\/api.w.org\/{rel}","templated":true}]}}