{"id":49269,"date":"2024-01-10T14:03:30","date_gmt":"2024-01-10T17:03:30","guid":{"rendered":"https:\/\/infovera.com.ar\/web\/?p=49269"},"modified":"2024-01-10T18:55:02","modified_gmt":"2024-01-10T21:55:02","slug":"pullaro-anuncio-que-el-ejercito-llega-a-vera-para-colaborar-en-la-crisis-hidrica","status":"publish","type":"post","link":"https:\/\/infovera.com.ar\/web\/2024\/01\/10\/pullaro-anuncio-que-el-ejercito-llega-a-vera-para-colaborar-en-la-crisis-hidrica\/","title":{"rendered":"Pullaro anunci\u00f3 que el Ej\u00e9rcito llega a Vera para colaborar en la crisis h\u00eddrica"},"content":{"rendered":"<p>En un mensaje dirigido a los habitantes del norte, el gobernador Maximiliano Pullaro mostr\u00f3 la cercan\u00eda de su gesti\u00f3n con los afectados: &#8220;Todo el gobierno provincial se moviliz\u00f3 para ayudar y colaborar, e intentar resolver de la manera m\u00e1s r\u00e1pida esta situaci\u00f3n angustiante que est\u00e1 viviendo la sociedad, est\u00e1n viniendo todos los equipos de Protecci\u00f3n Civil, estamos coordinando con todos los cuarteles de Bomberos&#8221;.<\/p>\n<p>Y agreg\u00f3 que &#8220;est\u00e1 viniendo el Ej\u00e9rcito que en unas horas llega a Vera, que estaba viviendo una situaci\u00f3n previa; se est\u00e1n movilizando los equipos de Salud, de Desarrollo Social, de Gobierno. Vamos a estar hasta que el agua baje, y que los ciudadanos y ciudadanas puedan volver a sus casas&#8221;.<\/p>\n","protected":false},"excerpt":{"rendered":"<p>En un mensaje dirigido a los habitantes del norte, el gobernador Maximiliano Pullaro mostr\u00f3 la cercan\u00eda de su gesti\u00f3n con los afectados: &#8220;Todo el gobierno provincial se moviliz\u00f3 para ayudar y colaborar, e intentar resolver de la manera m\u00e1s r\u00e1pida esta situaci\u00f3n angustiante que est\u00e1 viviendo la sociedad, est\u00e1n viniendo todos los equipos de Protecci\u00f3n [&hellip;]<\/p>\n","protected":false},"author":3,"featured_media":49270,"comment_status":"closed","ping_status":"closed","sticky":false,"template":"","format":"standard","meta":{"_joinchat":[],"footnotes":""},"categories":[53],"tags":[],"class_list":{"0":"post-49269","1":"post","2":"type-post","3":"status-publish","4":"format-standard","5":"has-post-thumbnail","7":"category-vera"},"_links":{"self":[{"href":"https:\/\/infovera.com.ar\/web\/wp-json\/wp\/v2\/posts\/49269","targetHints":{"allow":["GET"]}}],"collection":[{"href":"https:\/\/infovera.com.ar\/web\/wp-json\/wp\/v2\/posts"}],"about":[{"href":"https:\/\/infovera.com.ar\/web\/wp-json\/wp\/v2\/types\/post"}],"author":[{"embeddable":true,"href":"https:\/\/infovera.com.ar\/web\/wp-json\/wp\/v2\/users\/3"}],"replies":[{"embeddable":true,"href":"https:\/\/infovera.com.ar\/web\/wp-json\/wp\/v2\/comments?post=49269"}],"version-history":[{"count":0,"href":"https:\/\/infovera.com.ar\/web\/wp-json\/wp\/v2\/posts\/49269\/revisions"}],"wp:featuredmedia":[{"embeddable":true,"href":"https:\/\/infovera.com.ar\/web\/wp-json\/wp\/v2\/media\/49270"}],"wp:attachment":[{"href":"https:\/\/infovera.com.ar\/web\/wp-json\/wp\/v2\/media?parent=49269"}],"wp:term":[{"taxonomy":"category","embeddable":true,"href":"https:\/\/infovera.com.ar\/web\/wp-json\/wp\/v2\/categories?post=49269"},{"taxonomy":"post_tag","embeddable":true,"href":"https:\/\/infovera.com.ar\/web\/wp-json\/wp\/v2\/tags?post=49269"}],"curies":[{"name":"wp","href":"https:\/\/api.w.org\/{rel}","templated":true}]}}