{"id":49251,"date":"2024-01-10T11:18:10","date_gmt":"2024-01-10T14:18:10","guid":{"rendered":"https:\/\/infovera.com.ar\/web\/?p=49251"},"modified":"2024-01-10T11:42:24","modified_gmt":"2024-01-10T14:42:24","slug":"pullaro-suspendio-la-reunion-de-gabinete-por-las-inundaciones-en-el-norte","status":"publish","type":"post","link":"https:\/\/infovera.com.ar\/web\/2024\/01\/10\/pullaro-suspendio-la-reunion-de-gabinete-por-las-inundaciones-en-el-norte\/","title":{"rendered":"Pullaro suspendi\u00f3 la reuni\u00f3n de gabinete y la entrega de escrituras por las inundaciones en el norte"},"content":{"rendered":"<p>En medio de una jornada considerada de cat\u00e1strofe en el norte provincial por las inundaciones provocadas por las excesos pluviales, y con miles de afectados por el persistente fen\u00f3meno clim\u00e1tico, el gobernador Maximiliano Pullarro decidi\u00f3 suspender la reuni\u00f3n de gabinete prevista para la ma\u00f1ana de hoy y convocar a la conformaci\u00f3n de un Comit\u00e9 Operativo de Emergencia.<\/p>\n<p>La medida obedece a la necesidad de atender las consecuencias del temporal, que afecta por igual a barrios del centro y de la periferia de Reconquista, al tiempo que un cielo totalmente encapotado sigue dominando el horizonte.<\/p>\n<p>El encuentro de ministros y equipos de trabajo que deb\u00eda presidir el mandatario provincial estaba programada para antes del mediod\u00eda en el auditorio del Hospital Central de Reconquista, pero la situaci\u00f3n de extrema gravedad que vive la Perla del Norte por las lluvias deriv\u00f3 en un cambio de agenda.<\/p>\n<p>La decisi\u00f3n sobre la marcha fue confirmada a El Litoral por el ministro de Trabajo y referente del gobierno provincial, Roald B\u00e1scolo.<\/p>\n<p>A su vez, tambi\u00e9n fue pospuesto un acto de entrega de escrituras en Vera por id\u00e9nticos motivos. El titular de la Casa Gris estar\u00e1 en esa ciudad en horas de la tarde, pero ya no para cumplir con esa actividad sino para encabezar un c\u00f3nclave de Protecci\u00f3n Civil.<\/p>\n<p><strong>Monitoreo<\/strong><\/p>\n<p>En el parte oficial, la provincia inform\u00f3 que el gobernador Maximiliano Pullaro encabeza este mi\u00e9rcoles en la ciudad de Reconquista una reuni\u00f3n del Comit\u00e9 de Emergencia, de la que participar\u00e1n ministros y secretarios de diferentes \u00e1reas para monitorear y definir acciones en el marco del temporal que afecta a diferentes departamentos de la provincia desde ayer.<\/p>\n<p>El encuentro tiene lugar en la sede de Bomberos Voluntarios (Patricio Diez 430), y al t\u00e9rmino del encuentro se brindar\u00e1 atenci\u00f3n a la prensa (se estima a las 13.30).<\/p>\n<p>El secretario de Protecci\u00f3n Civil de la Provincia, Marcos Escajadillo, record\u00f3 que ayer el Servicio Meteorol\u00f3gico Nacional (SMN) emiti\u00f3 para los distintos departamentos del norte de Santa Fe un Alerta Naranja, \u201cque significa fen\u00f3menos meteorol\u00f3gicos intensos que ponen en peligro la vida de las personas y el ambiente\u201d.<\/p>\n<p>En ese sentido, el funcionario provincial destac\u00f3 que \u201cse activ\u00f3 el protocolo de informaci\u00f3n para los intendentes y presidentes comunales de los departamentos que posiblemente ser\u00edan afectados, y en horas de la madrugada se presentaron fen\u00f3menos de lluvia muy intensa que en algunos lugares ya superan los 200 mil\u00edmetros de acumulado\u201d.<\/p>\n<p><strong>Afectaci\u00f3n importante<\/strong><\/p>\n<p>Escajadillo detall\u00f3 que \u201clos lugares de mayor intensidad son Reconquista, Vera, Romang y distintos parajes y distintas localidades que realmente est\u00e1n con una afectaci\u00f3n importante dentro del ejido urbano, pero tambi\u00e9n en la parte rural\u201d.<br \/>\nDesde Provincia \u201cse activaron los equipos operativos tanto de Protecci\u00f3n Civil, de Salud, de Obras P\u00fablicas, de Recursos H\u00eddricos, de Desarrollo Humano, para poder dar respuesta a todas las solicitudes y a todas las necesidades que cada localidad nos est\u00e1n planteando.<\/p>\n<p>Destac\u00f3 tambi\u00e9n que a los operativos se ha sumado el Ej\u00e9rcito Argentino con personal que ya est\u00e1 trabajando en Ceres, pero hay otro contingente que va a salir de Santo Tom\u00e9 con destino a la ciudad de Vera\u201d.<\/p>\n<p>Escajadillo destac\u00f3 que \u201cseguimos trabajando en todos los departamentos del norte, siempre tambi\u00e9n en comunicaci\u00f3n con las autoridades locales y las distintas organizaciones que est\u00e1n solicitando alg\u00fan tipo de ayuda\u201d.<\/p>\n<p>&nbsp;<\/p>\n","protected":false},"excerpt":{"rendered":"<p>En medio de una jornada considerada de cat\u00e1strofe en el norte provincial por las inundaciones provocadas por las excesos pluviales, y con miles de afectados por el persistente fen\u00f3meno clim\u00e1tico, el gobernador Maximiliano Pullarro decidi\u00f3 suspender la reuni\u00f3n de gabinete prevista para la ma\u00f1ana de hoy y convocar a la conformaci\u00f3n de un Comit\u00e9 Operativo [&hellip;]<\/p>\n","protected":false},"author":3,"featured_media":49257,"comment_status":"closed","ping_status":"closed","sticky":false,"template":"","format":"standard","meta":{"_joinchat":[],"footnotes":""},"categories":[55,61],"tags":[],"class_list":{"0":"post-49251","1":"post","2":"type-post","3":"status-publish","4":"format-standard","5":"has-post-thumbnail","7":"category-reconquista","8":"category-regionales"},"_links":{"self":[{"href":"https:\/\/infovera.com.ar\/web\/wp-json\/wp\/v2\/posts\/49251","targetHints":{"allow":["GET"]}}],"collection":[{"href":"https:\/\/infovera.com.ar\/web\/wp-json\/wp\/v2\/posts"}],"about":[{"href":"https:\/\/infovera.com.ar\/web\/wp-json\/wp\/v2\/types\/post"}],"author":[{"embeddable":true,"href":"https:\/\/infovera.com.ar\/web\/wp-json\/wp\/v2\/users\/3"}],"replies":[{"embeddable":true,"href":"https:\/\/infovera.com.ar\/web\/wp-json\/wp\/v2\/comments?post=49251"}],"version-history":[{"count":0,"href":"https:\/\/infovera.com.ar\/web\/wp-json\/wp\/v2\/posts\/49251\/revisions"}],"wp:featuredmedia":[{"embeddable":true,"href":"https:\/\/infovera.com.ar\/web\/wp-json\/wp\/v2\/media\/49257"}],"wp:attachment":[{"href":"https:\/\/infovera.com.ar\/web\/wp-json\/wp\/v2\/media?parent=49251"}],"wp:term":[{"taxonomy":"category","embeddable":true,"href":"https:\/\/infovera.com.ar\/web\/wp-json\/wp\/v2\/categories?post=49251"},{"taxonomy":"post_tag","embeddable":true,"href":"https:\/\/infovera.com.ar\/web\/wp-json\/wp\/v2\/tags?post=49251"}],"curies":[{"name":"wp","href":"https:\/\/api.w.org\/{rel}","templated":true}]}}