{"id":49201,"date":"2024-01-08T17:52:45","date_gmt":"2024-01-08T20:52:45","guid":{"rendered":"https:\/\/infovera.com.ar\/web\/?p=49201"},"modified":"2024-01-08T17:52:45","modified_gmt":"2024-01-08T20:52:45","slug":"en-48-hs-llovio-181-mm-en-vera","status":"publish","type":"post","link":"https:\/\/infovera.com.ar\/web\/2024\/01\/08\/en-48-hs-llovio-181-mm-en-vera\/","title":{"rendered":"En 48 hs llovi\u00f3 181 mm en Vera"},"content":{"rendered":"<p>Lo inform\u00f3 la Unidad Regional XIX.<\/p>\n<p>Es ell acumulado de las \u00faltimas 48 hs.<\/p>\n<p>Solo entre las 8 y las 14 se registr\u00f3 115 mm.<\/p>\n<p>La ciudad se ve muy afectada por el fen\u00f3meno clim\u00e1tico.<\/p>\n","protected":false},"excerpt":{"rendered":"<p>Lo inform\u00f3 la Unidad Regional XIX. Es ell acumulado de las \u00faltimas 48 hs. Solo entre las 8 y las 14 se registr\u00f3 115 mm. La ciudad se ve muy afectada por el fen\u00f3meno clim\u00e1tico.<\/p>\n","protected":false},"author":3,"featured_media":49202,"comment_status":"closed","ping_status":"closed","sticky":false,"template":"","format":"standard","meta":{"_joinchat":[],"footnotes":""},"categories":[53],"tags":[],"class_list":{"0":"post-49201","1":"post","2":"type-post","3":"status-publish","4":"format-standard","5":"has-post-thumbnail","7":"category-vera"},"_links":{"self":[{"href":"https:\/\/infovera.com.ar\/web\/wp-json\/wp\/v2\/posts\/49201","targetHints":{"allow":["GET"]}}],"collection":[{"href":"https:\/\/infovera.com.ar\/web\/wp-json\/wp\/v2\/posts"}],"about":[{"href":"https:\/\/infovera.com.ar\/web\/wp-json\/wp\/v2\/types\/post"}],"author":[{"embeddable":true,"href":"https:\/\/infovera.com.ar\/web\/wp-json\/wp\/v2\/users\/3"}],"replies":[{"embeddable":true,"href":"https:\/\/infovera.com.ar\/web\/wp-json\/wp\/v2\/comments?post=49201"}],"version-history":[{"count":0,"href":"https:\/\/infovera.com.ar\/web\/wp-json\/wp\/v2\/posts\/49201\/revisions"}],"wp:featuredmedia":[{"embeddable":true,"href":"https:\/\/infovera.com.ar\/web\/wp-json\/wp\/v2\/media\/49202"}],"wp:attachment":[{"href":"https:\/\/infovera.com.ar\/web\/wp-json\/wp\/v2\/media?parent=49201"}],"wp:term":[{"taxonomy":"category","embeddable":true,"href":"https:\/\/infovera.com.ar\/web\/wp-json\/wp\/v2\/categories?post=49201"},{"taxonomy":"post_tag","embeddable":true,"href":"https:\/\/infovera.com.ar\/web\/wp-json\/wp\/v2\/tags?post=49201"}],"curies":[{"name":"wp","href":"https:\/\/api.w.org\/{rel}","templated":true}]}}