{"id":49133,"date":"2024-01-05T18:35:46","date_gmt":"2024-01-05T21:35:46","guid":{"rendered":"https:\/\/infovera.com.ar\/web\/?p=49133"},"modified":"2024-01-05T18:35:46","modified_gmt":"2024-01-05T21:35:46","slug":"agenda-ambiental-en-diputados-se-aprobo-un-proyecto-de-rojas-y-se-autorizo-un-credito-con-la-agencia-francesa-para-el-desarrollo","status":"publish","type":"post","link":"https:\/\/infovera.com.ar\/web\/2024\/01\/05\/agenda-ambiental-en-diputados-se-aprobo-un-proyecto-de-rojas-y-se-autorizo-un-credito-con-la-agencia-francesa-para-el-desarrollo\/","title":{"rendered":"Agenda ambiental en Diputados: se aprob\u00f3 un proyecto de Rojas y se autoriz\u00f3 un cr\u00e9dito con la Agencia Francesa para el Desarrollo"},"content":{"rendered":"<p>La C\u00e1mara de Diputados aprob\u00f3 un proyecto del Diputado Sergio \u201cChiqui\u201d Rojas en el que advierte sobre los riesgos de la desregulaci\u00f3n en cuestiones medioambientales que plantean el DNU y la Ley \u00d3mnibus presentadas por el Presidente, y autoriz\u00f3 un cr\u00e9dito internacional para financiar obras para la acci\u00f3n clim\u00e1tica.<\/p>\n<p>Consultado sobre su iniciativa, el diputado provincial sostuvo que \u201cexpresamos nuestra preocupaci\u00f3n porque creemos, de manera general, que todas las modificaciones a las leyes deben pasar por el Congreso para ser estudiadas y debatidas en profundidad. En particular, el Ejecutivo Nacional pretende derogar leyes que ponen en riesgo la soberan\u00eda de nuestros recursos naturales, as\u00ed como cuestiones que afectan directamente a la vida y la salud. Tenemos que ser responsables, porque las consecuencias pueden afectar a varias generaciones.\u201d<\/p>\n<p>Siguiendo con la agenda ambiental, la Legislatura autoriz\u00f3 al Ejecutivo Provincial a tomar un cr\u00e9dito con la Agencia Francesa para el Desarrollo. En este sentido, Rojas explic\u00f3 que \u201cel pr\u00e9stamo est\u00e1 destinado al proyecto Biodiversidad para la Acci\u00f3n Clim\u00e1tica, que, entre otras obras, incluye financiamiento para fortalecer las reservas Laguna La Loca y 7B en el departamento Vera. Mientras que desde la provincia apoyamos acciones para lograr la sostenibilidad ambiental, desde Naci\u00f3n pretenden aplicar la l\u00f3gica de mercado, que ya ha demostrado ser muy perjudicial.\u201d<\/p>\n","protected":false},"excerpt":{"rendered":"<p>La C\u00e1mara de Diputados aprob\u00f3 un proyecto del Diputado Sergio \u201cChiqui\u201d Rojas en el que advierte sobre los riesgos de la desregulaci\u00f3n en cuestiones medioambientales que plantean el DNU y la Ley \u00d3mnibus presentadas por el Presidente, y autoriz\u00f3 un cr\u00e9dito internacional para financiar obras para la acci\u00f3n clim\u00e1tica. Consultado sobre su iniciativa, el diputado [&hellip;]<\/p>\n","protected":false},"author":3,"featured_media":49134,"comment_status":"closed","ping_status":"closed","sticky":false,"template":"","format":"standard","meta":{"_joinchat":[],"footnotes":""},"categories":[60],"tags":[],"class_list":{"0":"post-49133","1":"post","2":"type-post","3":"status-publish","4":"format-standard","5":"has-post-thumbnail","7":"category-provinciales"},"_links":{"self":[{"href":"https:\/\/infovera.com.ar\/web\/wp-json\/wp\/v2\/posts\/49133","targetHints":{"allow":["GET"]}}],"collection":[{"href":"https:\/\/infovera.com.ar\/web\/wp-json\/wp\/v2\/posts"}],"about":[{"href":"https:\/\/infovera.com.ar\/web\/wp-json\/wp\/v2\/types\/post"}],"author":[{"embeddable":true,"href":"https:\/\/infovera.com.ar\/web\/wp-json\/wp\/v2\/users\/3"}],"replies":[{"embeddable":true,"href":"https:\/\/infovera.com.ar\/web\/wp-json\/wp\/v2\/comments?post=49133"}],"version-history":[{"count":0,"href":"https:\/\/infovera.com.ar\/web\/wp-json\/wp\/v2\/posts\/49133\/revisions"}],"wp:featuredmedia":[{"embeddable":true,"href":"https:\/\/infovera.com.ar\/web\/wp-json\/wp\/v2\/media\/49134"}],"wp:attachment":[{"href":"https:\/\/infovera.com.ar\/web\/wp-json\/wp\/v2\/media?parent=49133"}],"wp:term":[{"taxonomy":"category","embeddable":true,"href":"https:\/\/infovera.com.ar\/web\/wp-json\/wp\/v2\/categories?post=49133"},{"taxonomy":"post_tag","embeddable":true,"href":"https:\/\/infovera.com.ar\/web\/wp-json\/wp\/v2\/tags?post=49133"}],"curies":[{"name":"wp","href":"https:\/\/api.w.org\/{rel}","templated":true}]}}