{"id":49051,"date":"2023-12-31T15:24:51","date_gmt":"2023-12-31T18:24:51","guid":{"rendered":"https:\/\/infovera.com.ar\/web\/?p=49051"},"modified":"2023-12-31T15:24:51","modified_gmt":"2023-12-31T18:24:51","slug":"la-nueva-ley-del-servicio-penitenciario-permite-igualdad-de-ascensos-entre-mujeres-y-hombres","status":"publish","type":"post","link":"https:\/\/infovera.com.ar\/web\/2023\/12\/31\/la-nueva-ley-del-servicio-penitenciario-permite-igualdad-de-ascensos-entre-mujeres-y-hombres\/","title":{"rendered":"La nueva Ley del Servicio Penitenciario permite igualdad de ascensos entre mujeres y hombres"},"content":{"rendered":"<p>Impulsada por el gobernador Maximiliano Pullaro, la Ley N\u00b014234 permite que las mujeres oficiales asciendan a la misma jerarqu\u00eda que los hombres. Tambi\u00e9n pone en igualdad de condiciones a los y las trabajadoras sociales con respecto a otros profesionales.<\/p>\n<p>El intenso trabajo en materia de seguridad p\u00fablica es uno de los rasgos distintivos de las primeras semanas de gesti\u00f3n del gobernador Maximiliano Pullaro. Una de las acciones impulsadas est\u00e1 vinculada a un paquete de leyes que, tras su aprobaci\u00f3n en la Legislatura, permiten sumar nuevas y mejores herramientas en este terreno, como la declaraci\u00f3n de la Emergencia en Seguridad, la adhesi\u00f3n a la Ley nacional de narcomenudeo y la modificaci\u00f3n en la Ley org\u00e1nica del Servicio Penitenciario, que logr\u00f3 un triunfo para las mujeres del servicio que ya pueden ascender con la misma jerarqu\u00eda que los hombres.<\/p>\n<p>Hasta este momento, por una Ley promulgada en tiempos de la \u00faltima dictadura militar, las mujeres que ingresaban al servicio penitenciario ten\u00edan un tope m\u00e1ximo de ascenso generando una marcada desigualdad con la realidad de los hombres que pod\u00edan ascender sin l\u00edmites hasta llegar a la mayor jerarqu\u00eda posible. \u201cCon estas leyes vamos a poder adquirir todas las herramientas necesarias que hoy necesitamos para combatir el delito y el crimen organizado y vamos a poder reorganizar las fuerzas policiales y penitenciarias para lograr una mayor eficacia en las investigaciones y el cuidado de las c\u00e1rceles\u201d, asegur\u00f3 al respecto el gobernador Pullaro.<\/p>\n<p><strong>Igualdad, justicia y oportunidades<\/strong><\/p>\n<p>Por su parte, la secretaria de Asuntos Penitenciarios, Luc\u00eda Masneri, destac\u00f3: \u201cCelebramos la sanci\u00f3n a la Ley Org\u00e1nica del Servicio Penitenciario ya que permite pensar dos cuestiones: que las mujeres con rango de oficiales pueden ascender a la \u00faltima jerarqu\u00eda al igual que sus compa\u00f1eros varones; y, por otro lado, porque permite que se reconozca que el t\u00edtulo universitario de los y las trabajadoras sociales quienes, hasta ahora, al ingresar al servicio penitenciario tienen una jerarqu\u00eda menor que sus compa\u00f1eros profesionales. Esto significaba una desigualdad al momento de ascender en su carrera y lo propio al querer jubilarse; hoy, teniendo una ley org\u00e1nica en mano nueva, tenemos la decisi\u00f3n pol\u00edtica de compensar esta situaci\u00f3n con todas las trabajadoras sociales, adapt\u00e1ndonos a la normativa vigente\u201d.<br \/>\nLuego, Masneri remarc\u00f3: \u201cPero esto no es de ahora. Hace m\u00e1s de 10 a\u00f1os que estamos trabajando en estas modificaciones, desde cuando el actual Gobernador fuera ministro de Seguridad; tambi\u00e9n con el propio Pablo Cococcioni, actual ministro de Justicia y Seguridad, cuando fue parte del Servicio Penitenciario y tambi\u00e9n con las diputadas Georgina Orciani y Silvana Di Stefano que desde la Legislatura vienen trabajando esta Ley con la presentaci\u00f3n de proyectos que en su momento tuvieron media sanci\u00f3n y que ahora ya es Ley\u201d, concluy\u00f3.<\/p>\n<p><strong>Rechazo al plus penitenciario<\/strong><\/p>\n<p>D\u00edas atr\u00e1s, Masneri firm\u00f3 delante de un escribano el rechazo a acceder a un plus salarial por trabajo diferenciado que cobran los agentes del Servicio Penitenciario con mayor jerarqu\u00eda y que en la gesti\u00f3n pasada hac\u00edan lo propio los funcionarios pol\u00edticos a los cuales no les correspond\u00eda. De esta manera, Masneri rechaza una compensaci\u00f3n ileg\u00edtima, que s\u00f3lo es adquirida por personal especializado y de mayor jerarqu\u00eda.<\/p>\n","protected":false},"excerpt":{"rendered":"<p>Impulsada por el gobernador Maximiliano Pullaro, la Ley N\u00b014234 permite que las mujeres oficiales asciendan a la misma jerarqu\u00eda que los hombres. Tambi\u00e9n pone en igualdad de condiciones a los y las trabajadoras sociales con respecto a otros profesionales. El intenso trabajo en materia de seguridad p\u00fablica es uno de los rasgos distintivos de las [&hellip;]<\/p>\n","protected":false},"author":3,"featured_media":49052,"comment_status":"closed","ping_status":"closed","sticky":false,"template":"","format":"standard","meta":{"_joinchat":[],"footnotes":""},"categories":[60],"tags":[],"class_list":{"0":"post-49051","1":"post","2":"type-post","3":"status-publish","4":"format-standard","5":"has-post-thumbnail","7":"category-provinciales"},"_links":{"self":[{"href":"https:\/\/infovera.com.ar\/web\/wp-json\/wp\/v2\/posts\/49051","targetHints":{"allow":["GET"]}}],"collection":[{"href":"https:\/\/infovera.com.ar\/web\/wp-json\/wp\/v2\/posts"}],"about":[{"href":"https:\/\/infovera.com.ar\/web\/wp-json\/wp\/v2\/types\/post"}],"author":[{"embeddable":true,"href":"https:\/\/infovera.com.ar\/web\/wp-json\/wp\/v2\/users\/3"}],"replies":[{"embeddable":true,"href":"https:\/\/infovera.com.ar\/web\/wp-json\/wp\/v2\/comments?post=49051"}],"version-history":[{"count":0,"href":"https:\/\/infovera.com.ar\/web\/wp-json\/wp\/v2\/posts\/49051\/revisions"}],"wp:featuredmedia":[{"embeddable":true,"href":"https:\/\/infovera.com.ar\/web\/wp-json\/wp\/v2\/media\/49052"}],"wp:attachment":[{"href":"https:\/\/infovera.com.ar\/web\/wp-json\/wp\/v2\/media?parent=49051"}],"wp:term":[{"taxonomy":"category","embeddable":true,"href":"https:\/\/infovera.com.ar\/web\/wp-json\/wp\/v2\/categories?post=49051"},{"taxonomy":"post_tag","embeddable":true,"href":"https:\/\/infovera.com.ar\/web\/wp-json\/wp\/v2\/tags?post=49051"}],"curies":[{"name":"wp","href":"https:\/\/api.w.org\/{rel}","templated":true}]}}