{"id":49048,"date":"2023-12-31T15:08:08","date_gmt":"2023-12-31T18:08:08","guid":{"rendered":"https:\/\/infovera.com.ar\/web\/?p=49048"},"modified":"2023-12-31T15:08:08","modified_gmt":"2023-12-31T18:08:08","slug":"industriales-del-norte-bregan-por-energia-conectividad-vial-y-reduccion-de-la-burocracia-estatal","status":"publish","type":"post","link":"https:\/\/infovera.com.ar\/web\/2023\/12\/31\/industriales-del-norte-bregan-por-energia-conectividad-vial-y-reduccion-de-la-burocracia-estatal\/","title":{"rendered":"Industriales del norte bregan por energ\u00eda, conectividad vial y reducci\u00f3n de la burocracia estatal"},"content":{"rendered":"<p>Empresarios de reunieron con funcionario de Industria para analizar prioridades del sector. Se abordaron temas estrat\u00e9gicos que afectan el normal desarrollo de la producci\u00f3n en la regi\u00f3n. Son 20 empresas que emplean a m\u00e1s de 6.000 personas.<\/p>\n<p>Empresarios industriales de la regi\u00f3n analizaron la actualidad del sector y definieron temas objetivos para llevar adelante durante el pr\u00f3ximo a\u00f1o con autoridades provinciales.<\/p>\n<p>Si bien las necesidades presentes abarcan varias \u00edndoles, el consenso entre los capitanes de la industria norte\u00f1a es que \u201clo principal es trabajar sobre temas estrat\u00e9gicos y que afectan el normal desarrollo de la producci\u00f3n del norte santafesino\u201d.<\/p>\n<p>Sobre ese esquema, instaron a las autoridades provinciales y tambi\u00e9n a los representantes del departamento General Obligado en ambas c\u00e1maras legislativas de la provincia a que \u201cse hagan eco de trasladar los reclamos en pos de dar soluci\u00f3n a problemas que, en algunos casos, vienen de larga data y afectan a un vasto sector tanto industrial como a poblaciones\u201d.<\/p>\n<p>Entre los principales temas en agenda para 2024 que ser\u00e1 necesario que aborde la actual gesti\u00f3n provincial, los referentes de la industria regional referenciaron obras de energ\u00e9ticas, viales y administrativas.<\/p>\n<p>En cuanto a las primeras, consideraron que la EPE deber\u00e1 realizar inversiones para una mejora del servicio en las industrias en localidades, especialmente las del norte del departamento<\/p>\n<p>En t\u00e9rminos de conectividad, enumeraron: la conexi\u00f3n Reconquista &#8211; Goya con el retorno del servicio fluvial (balsa), la tercera v\u00eda de comunicaci\u00f3n Avellaneda &#8211; Reconquista y a mejora del estado de la Ruta Provincial 1 que une al norte con la capital provincial.<\/p>\n<p>Adem\u00e1s, anexaron a sus pedidos la simplificaci\u00f3n de tr\u00e1mites y eficientizaci\u00f3n de la burocracia administrativa provincial relacionada a la industria.<\/p>\n<p>La bater\u00eda de acciones solicitadas fue escuchada con atenci\u00f3n por el Dr. Mart\u00edn Ponticelli, responsable de la Secretar\u00eda de Industria de la provincia para los departamentos del norte santafesino, quien \u201ctom\u00f3 conocimiento de los puntos detallados comprometi\u00e9ndose a realizar las gestiones para que esto fuera puesto en consideraci\u00f3n de las respectivas autoridades de la provincia\u201d, de acuerdo a lo informado por la dirigencia al t\u00e9rmino del encuentro.<\/p>\n<p><strong>Buen di\u00e1logo<\/strong><\/p>\n<p>Consultado, el funcionario indic\u00f3 que \u201cfue una reuni\u00f3n habitual que hace el grupo de industriales del norte en la que, bueno, me convocaron para que pueda asistir y haga una presentaci\u00f3n formal de este nuevo cargo aqu\u00ed en la Delegaci\u00f3n de Reconquista, en el marco de la Secretar\u00eda de Desarrollo Industrial de la Provincia de Santa Fe, con una cobertura territorial aqu\u00ed en el norte de los departamentos General Obligado, Vera, Nueve de Julio y San Javier\u201d.<\/p>\n<p>\u201cLa idea fue poder contarles cu\u00e1les son los programas impulsados por el gobernador Maximiliano Pullaro y por el ministro de Producci\u00f3n Gustavo Puccini, y donde el secretario Guillermo Beccani se puso a disposici\u00f3n plena como para trabajar con los industriales\u201d, agreg\u00f3.<\/p>\n<p>Ponticelli dijo que el grupo, que est\u00e1 compuesto por m\u00e1s de 20 empresas y que re\u00fane a m\u00e1s de 6.000 empleados en la regi\u00f3n, pudo plantear todas sus inquietudes y que \u201cvan a ser ya trasladadas a Santa Fe y trabajadas en conjunto. La idea es hacer un equipo compacto de trabajo con un contacto directo a trav\u00e9s de la Delegaci\u00f3n de Reconquista\u201d.<\/p>\n<p>\u201cFue comenzar con un buen di\u00e1logo y empezar a trabajar en conjunto para tratar de cubrir las necesidades, que son muchas, de inversiones en materia energ\u00e9tica, inversiones y normalizaci\u00f3n de los parques industriales, capacitaciones destinadas a Industria 4.0 para las industrias locales. Hay una agenda de trabajo importante y, por suerte, lo que se logr\u00f3 tambi\u00e9n es una priorizaci\u00f3n de cu\u00e1les son los puntos m\u00e1s importantes a tratar con el gobierno\u201d, concluy\u00f3.<\/p>\n","protected":false},"excerpt":{"rendered":"<p>Empresarios de reunieron con funcionario de Industria para analizar prioridades del sector. Se abordaron temas estrat\u00e9gicos que afectan el normal desarrollo de la producci\u00f3n en la regi\u00f3n. Son 20 empresas que emplean a m\u00e1s de 6.000 personas. Empresarios industriales de la regi\u00f3n analizaron la actualidad del sector y definieron temas objetivos para llevar adelante durante [&hellip;]<\/p>\n","protected":false},"author":3,"featured_media":49049,"comment_status":"closed","ping_status":"closed","sticky":false,"template":"","format":"standard","meta":{"_joinchat":[],"footnotes":""},"categories":[60],"tags":[],"class_list":{"0":"post-49048","1":"post","2":"type-post","3":"status-publish","4":"format-standard","5":"has-post-thumbnail","7":"category-provinciales"},"_links":{"self":[{"href":"https:\/\/infovera.com.ar\/web\/wp-json\/wp\/v2\/posts\/49048","targetHints":{"allow":["GET"]}}],"collection":[{"href":"https:\/\/infovera.com.ar\/web\/wp-json\/wp\/v2\/posts"}],"about":[{"href":"https:\/\/infovera.com.ar\/web\/wp-json\/wp\/v2\/types\/post"}],"author":[{"embeddable":true,"href":"https:\/\/infovera.com.ar\/web\/wp-json\/wp\/v2\/users\/3"}],"replies":[{"embeddable":true,"href":"https:\/\/infovera.com.ar\/web\/wp-json\/wp\/v2\/comments?post=49048"}],"version-history":[{"count":0,"href":"https:\/\/infovera.com.ar\/web\/wp-json\/wp\/v2\/posts\/49048\/revisions"}],"wp:featuredmedia":[{"embeddable":true,"href":"https:\/\/infovera.com.ar\/web\/wp-json\/wp\/v2\/media\/49049"}],"wp:attachment":[{"href":"https:\/\/infovera.com.ar\/web\/wp-json\/wp\/v2\/media?parent=49048"}],"wp:term":[{"taxonomy":"category","embeddable":true,"href":"https:\/\/infovera.com.ar\/web\/wp-json\/wp\/v2\/categories?post=49048"},{"taxonomy":"post_tag","embeddable":true,"href":"https:\/\/infovera.com.ar\/web\/wp-json\/wp\/v2\/tags?post=49048"}],"curies":[{"name":"wp","href":"https:\/\/api.w.org\/{rel}","templated":true}]}}