{"id":49046,"date":"2023-12-31T14:40:17","date_gmt":"2023-12-31T17:40:17","guid":{"rendered":"https:\/\/infovera.com.ar\/web\/?p=49046"},"modified":"2024-01-03T17:20:14","modified_gmt":"2024-01-03T20:20:14","slug":"buenas-y-malas-de-un-ano-infausto-para-el-norte","status":"publish","type":"post","link":"https:\/\/infovera.com.ar\/web\/2023\/12\/31\/buenas-y-malas-de-un-ano-infausto-para-el-norte\/","title":{"rendered":"Buenas y malas de un a\u00f1o infausto para el norte"},"content":{"rendered":"<p>El periodo anual que llega a su fin estuvo marcado por la sequ\u00eda, la inflaci\u00f3n galopante y la inseguridad. Por el contrario, el avance de obras p\u00fablicas fue el punto fuerte. Aunque ahora, sobre el final del ejercicio, ese sector dinamizador de la econom\u00eda enfrenta un preocupante escenario nacional.<\/p>\n<p>El fenecimiento del 2023 llega acompa\u00f1ado del cierre del ciclo trianual dominado a voluntad por &#8220;El Ni\u00f1o&#8221;, el fen\u00f3meno clim\u00e1tico que diezm\u00f3 las producciones agropecuarias norte\u00f1as y elev\u00f3 a nivel nacional las noticias de la desaparici\u00f3n de lagunas de la regi\u00f3n por la sequ\u00eda imperante.<\/p>\n<p>Durante todo el a\u00f1o, las explotaciones ganaderas padecieron -quiz\u00e1 como nunca antes- las consecuencias del estr\u00e9s h\u00eddrico. Las p\u00e9rdidas de cabezas de ganado, por muerte o malvendidas para salvar lo que se pod\u00eda, se multiplicaron para restar volumen a los rodeos en una zona que tiene a la actividad como nave insignia productiva y que asisti\u00f3 a la desaparici\u00f3n inexorable de minifundistas.<\/p>\n<p>Aparejados, los efectos negativos en los cultivos se hicieron sentir a diestra y siniestra. La tierra se part\u00eda por la carencia de lluvias y esas grietas tuvieron correlato inmediato en la espalda financiera de los agricultores, cansados de mirar al cielo sin que les devolviera el m\u00ednimo gui\u00f1o.<\/p>\n<p>La ayuda oficial para paliar la coyuntura lleg\u00f3 a cuentagotas a un norte sediento y siempre lejano a las decisiones de los centros de poder. La burocracia estatal jug\u00f3 su rol siempre vigente y no por repetida la historia dej\u00f3 de ser aciaga para quienes producen d\u00eda a d\u00eda en estas vastas llanuras noroccidentales.<\/p>\n<p>Como si fuera un retru\u00e9cano ambiental, de golpe y porrazo, en el \u00faltimo tramo del a\u00f1o, lo que era polvareda se reconvirti\u00f3 en espejos de agua revitalizados a causa de las abundantes precipitaciones de la anunciada, esperada y retrasada &#8220;La Ni\u00f1a&#8221;.<\/p>\n<p>Pero, siempre hay un pero, esta ant\u00edtesis configurada en los recientes aguaceros festejados en los bajos y domos de Vera y General Obligado, y los registrados en la cuenca superior del Paran\u00e1, trajeron a la par serias complicaciones en las zonas costeras. Puerto Reconquista, Romang, San Javier debieron implementar protocolos de emergencia para hacer frente a inundaciones, y as\u00ed llegar\u00e1n al final de a\u00f1o. De esta manera, lo que antes faltaba ahora sobra, parafraseando casi sin querer a un expresidente argentino.<\/p>\n<p data-format=\"TEXTO SUBTITULO\"><strong>Inseguridad e industria\u00a0<\/strong><\/p>\n<p>En cuanto a seguridad, las localidades asentadas en la franja noreste de la bota santafesina vieron incrementarse los niveles de delitos contra las personas y los bienes de manera significativa. Con la inseguridad golpeando la puerta, volvi\u00f3 a repicar el a\u00f1oso pedido del Ministerio P\u00fablico de Acusaci\u00f3n respecto a que funciona solo con el 50 % de la plantilla de fiscales en las unidades fiscales de Vera, Reconquista y Las Toscas. Ese escenario de carest\u00eda atenta contra la normal prestaci\u00f3n del servicio de justicia y pone en jaque la salud psicof\u00edsica de los fiscales, que deben poco menos que hacer malabares para atender los casos que surgen a diario.<\/p>\n<blockquote><p><span style=\"font-size: 10pt;\"><strong>En t\u00e9rminos industriales, el norte no escap\u00f3 a las generales de la ley. Cepo, inflaci\u00f3n, imposibilidad de acceder a cupos de importaciones estrecharon su capacidad de producci\u00f3n y volvieron a correr el arco para el desaf\u00edo vigente: industrializar el enorme caudal de materias primas que genera.<\/strong><\/span><\/p><\/blockquote>\n<p>En t\u00e9rminos industriales, el norte no escap\u00f3 a las generales de la ley. Cepo, inflaci\u00f3n, imposibilidad de acceder a cupos de importaciones estrecharon su capacidad de producci\u00f3n y volvieron a correr el arco para el desaf\u00edo vigente: industrializar el enorme caudal de materias primas que genera. En este panorama desalentador, el mar de fondo fue y sigue siendo el dilatado caso del concurso preventivo de Vicentin. A esta altura, es claro que la otrora firma agroexportadora ca\u00edda en desgracia -en default- dej\u00f3 un vac\u00edo imposible de llenar.<\/p>\n<p data-format=\"TEXTO SUBTITULO\"><strong>Obras son amores<\/strong><\/p>\n<p>Sin dudas, fue el a\u00f1o de la obra p\u00fablica en el norte. Por ejemplo, por citar los casos m\u00e1s paradigm\u00e1ticos, la ciudad de Calchaqu\u00ed alcanz\u00f3 el 95 % de cloacas en su cuadr\u00edcula urbana, inaugurar\u00f3 una Estaci\u00f3n Terminal de \u00d3mnibus so\u00f1ada por propios y extra\u00f1os, y completa el enripiado al Complejo Laguna &#8220;El Cristal&#8221;, un acceso de 22 kil\u00f3metros de longitud cuya consolidaci\u00f3n y mejorado eran impensados a\u00f1os atr\u00e1s.<\/p>\n<p>Vera, por su parte, vio erigirse un proyecto aplaudido por toda la comunidad, sin fisuras: la sala de Terapia Intensiva, prometida y construida por el gobierno provincial saliente. Claro, para que funcione a\u00fan falta dotarla de personal id\u00f3neo; eso queda para la nueva gesti\u00f3n. Pero el primer, gran y fundamental paso ya fue dado. Asimismo, en un solar ubicado el cuadrante norte de la Capital de la Cu\u00f1a Boscosa avanza la obra de la Estaci\u00f3n Transformadora de EPE, una iniciativa que llevar\u00e1 soluci\u00f3n a un problema recurrente: los cortes de energ\u00eda que sufre la urbe. La pavimentaci\u00f3n de la transversal Ruta 36 que la une con Romang es un hito que potenciar\u00e1 la comunicaci\u00f3n tur\u00edstica y productiva con la costa.<\/p>\n<p data-format=\"TEXTO SUBTITULO\"><strong>Millones en infraestructura\u00a0<\/strong><\/p>\n<p>Reconquista, la &#8220;Ciudad de Todos&#8221;, asisti\u00f3 a un festival de obras p\u00fablicas. Pavimento, cloacas, ciclov\u00edas dieron la nota, aunque descoll\u00f3 la realizaci\u00f3n del Plan Director de Drenajes Pluviales -financiada por la Naci\u00f3n- que se extiende sobre 900 hect\u00e1reas de la ciudad, beneficiar\u00e1 a m\u00e1s de 40.000 vecinos y contempla el tendido de, aproximadamente, 13 mil metros de ca\u00f1er\u00eda; abarca a 10 barrios de la ciudad con el soterramiento de m\u00e1s de 11.500 tubos de hormig\u00f3n. El proyecto milmillonario fue ideado como una soluci\u00f3n definitiva a excesos pluviales -bajo condiciones sustentables- que asolaron a la Perla del Norte a largo de su vida ciudadana.<\/p>\n<p>En Avellaneda, la remodelaci\u00f3n del Centro Comercial a Cielo Abierto es una realidad que se concreta con la inversi\u00f3n de los fondos de una deuda hist\u00f3rica del gobierno nacional con la Provincia de Santa Fe y que el municipio recibi\u00f3 como en forma de bonos, sumado a un 25 % que ser\u00e1 financiado por los frentistas, mediante el Sistema de contribuci\u00f3n por mejoras. La inversi\u00f3n de $ 114 millones apunta a unificar veredas, con incorporaci\u00f3n de mosaico podot\u00e1ctil para personas no videntes, e incluye, entre otras aristas, terrazas de expansi\u00f3n, plataformas de permanencia adoquinadas, con cruces peatonales, grandes esquinas en rampas e iluminaci\u00f3n LED a nivel peatonal.<\/p>\n<p>A casi un a\u00f1o y medio del comienzo de los trabajos del puente sobre el Paran\u00e1 Min\u00ed, en Villa Ocampo, con un plazo de obra previsto de un a\u00f1o calendario el viaducto avanza -no sin reclamos de las fuerzas vivas de la ciudad nucleadas en la Mesa Intersectorial Pro-Puente San Vicente por el atraso en lo tiempo fijados en la licitaci\u00f3n- con la colocaci\u00f3n de vigas que servir\u00e1n de sost\u00e9n a la futura traza vial. El dinero necesario para la obra civil de mayor envergadura del extremo norte provincial ascend\u00eda a mitad de a\u00f1o a $ 2.762.180.186,24. Tendr\u00e1 una extensi\u00f3n de 308 metros.<\/p>\n<p><strong>Alarmas encendidas<\/strong><\/p>\n<p>Del an\u00e1lisis anual se desprende a las claras la buena salud que registr\u00f3 la obra p\u00fablica en 2023, pero no puede ser desligada de los recientes anuncios del gobierno nacional acerca de la suspensi\u00f3n de nueva obra p\u00fablica y la cancelaci\u00f3n de las licitaciones aprobadas cuyo desarrollo a\u00fan no haya comenzado. El impacto de esa decisi\u00f3n ya se ven\u00eda sintiendo con el parate de la actividad de cooperativas de trabajo con adjudicaciones en curso y se espera que, en lo sucesivo, el cuadro recrudezca. Con lo cual, lo que fue el punto fuerte del a\u00f1o que se va desemboca en un d\u00e9ficit que preocupa y enciende alarmas por su segura repercusi\u00f3n en los indicadores sociales.<\/p>\n","protected":false},"excerpt":{"rendered":"<p>El periodo anual que llega a su fin estuvo marcado por la sequ\u00eda, la inflaci\u00f3n galopante y la inseguridad. Por el contrario, el avance de obras p\u00fablicas fue el punto fuerte. Aunque ahora, sobre el final del ejercicio, ese sector dinamizador de la econom\u00eda enfrenta un preocupante escenario nacional. El fenecimiento del 2023 llega acompa\u00f1ado [&hellip;]<\/p>\n","protected":false},"author":3,"featured_media":44947,"comment_status":"closed","ping_status":"closed","sticky":false,"template":"","format":"standard","meta":{"_joinchat":[],"footnotes":""},"categories":[61],"tags":[],"class_list":{"0":"post-49046","1":"post","2":"type-post","3":"status-publish","4":"format-standard","5":"has-post-thumbnail","7":"category-regionales"},"_links":{"self":[{"href":"https:\/\/infovera.com.ar\/web\/wp-json\/wp\/v2\/posts\/49046","targetHints":{"allow":["GET"]}}],"collection":[{"href":"https:\/\/infovera.com.ar\/web\/wp-json\/wp\/v2\/posts"}],"about":[{"href":"https:\/\/infovera.com.ar\/web\/wp-json\/wp\/v2\/types\/post"}],"author":[{"embeddable":true,"href":"https:\/\/infovera.com.ar\/web\/wp-json\/wp\/v2\/users\/3"}],"replies":[{"embeddable":true,"href":"https:\/\/infovera.com.ar\/web\/wp-json\/wp\/v2\/comments?post=49046"}],"version-history":[{"count":0,"href":"https:\/\/infovera.com.ar\/web\/wp-json\/wp\/v2\/posts\/49046\/revisions"}],"wp:featuredmedia":[{"embeddable":true,"href":"https:\/\/infovera.com.ar\/web\/wp-json\/wp\/v2\/media\/44947"}],"wp:attachment":[{"href":"https:\/\/infovera.com.ar\/web\/wp-json\/wp\/v2\/media?parent=49046"}],"wp:term":[{"taxonomy":"category","embeddable":true,"href":"https:\/\/infovera.com.ar\/web\/wp-json\/wp\/v2\/categories?post=49046"},{"taxonomy":"post_tag","embeddable":true,"href":"https:\/\/infovera.com.ar\/web\/wp-json\/wp\/v2\/tags?post=49046"}],"curies":[{"name":"wp","href":"https:\/\/api.w.org\/{rel}","templated":true}]}}