{"id":49016,"date":"2023-12-28T13:58:06","date_gmt":"2023-12-28T16:58:06","guid":{"rendered":"https:\/\/infovera.com.ar\/web\/?p=49016"},"modified":"2023-12-30T09:33:30","modified_gmt":"2023-12-30T12:33:30","slug":"este-viernes-quedara-sin-agua-el-sector-norte-de-vera-por-3-horas","status":"publish","type":"post","link":"https:\/\/infovera.com.ar\/web\/2023\/12\/28\/este-viernes-quedara-sin-agua-el-sector-norte-de-vera-por-3-horas\/","title":{"rendered":"Este viernes quedar\u00e1 sin agua el sector norte de Vera por 3 horas"},"content":{"rendered":"<p>Cosvel comunica que ma\u00f1ana viernes 29 de diciembre se estar\u00e1n efectuado trabajos en calle Leandro Alem en las intersecciones con calles Moreno y Belgrano en horario de 7 a 10 hs por tal motivo se cortara el servicio afectando a la zona norte de nuestra ciudad(quintas).<\/p>\n<p>Desde la cooperativa solicitan que sepan disculpar las molestias ocasionadas.<\/p>\n","protected":false},"excerpt":{"rendered":"<p>Cosvel comunica que ma\u00f1ana viernes 29 de diciembre se estar\u00e1n efectuado trabajos en calle Leandro Alem en las intersecciones con calles Moreno y Belgrano en horario de 7 a 10 hs por tal motivo se cortara el servicio afectando a la zona norte de nuestra ciudad(quintas). Desde la cooperativa solicitan que sepan disculpar las molestias [&hellip;]<\/p>\n","protected":false},"author":3,"featured_media":27867,"comment_status":"closed","ping_status":"closed","sticky":false,"template":"","format":"standard","meta":{"_joinchat":[],"footnotes":""},"categories":[1],"tags":[],"class_list":{"0":"post-49016","1":"post","2":"type-post","3":"status-publish","4":"format-standard","5":"has-post-thumbnail","7":"category-sin-categoria"},"_links":{"self":[{"href":"https:\/\/infovera.com.ar\/web\/wp-json\/wp\/v2\/posts\/49016","targetHints":{"allow":["GET"]}}],"collection":[{"href":"https:\/\/infovera.com.ar\/web\/wp-json\/wp\/v2\/posts"}],"about":[{"href":"https:\/\/infovera.com.ar\/web\/wp-json\/wp\/v2\/types\/post"}],"author":[{"embeddable":true,"href":"https:\/\/infovera.com.ar\/web\/wp-json\/wp\/v2\/users\/3"}],"replies":[{"embeddable":true,"href":"https:\/\/infovera.com.ar\/web\/wp-json\/wp\/v2\/comments?post=49016"}],"version-history":[{"count":0,"href":"https:\/\/infovera.com.ar\/web\/wp-json\/wp\/v2\/posts\/49016\/revisions"}],"wp:featuredmedia":[{"embeddable":true,"href":"https:\/\/infovera.com.ar\/web\/wp-json\/wp\/v2\/media\/27867"}],"wp:attachment":[{"href":"https:\/\/infovera.com.ar\/web\/wp-json\/wp\/v2\/media?parent=49016"}],"wp:term":[{"taxonomy":"category","embeddable":true,"href":"https:\/\/infovera.com.ar\/web\/wp-json\/wp\/v2\/categories?post=49016"},{"taxonomy":"post_tag","embeddable":true,"href":"https:\/\/infovera.com.ar\/web\/wp-json\/wp\/v2\/tags?post=49016"}],"curies":[{"name":"wp","href":"https:\/\/api.w.org\/{rel}","templated":true}]}}