{"id":48952,"date":"2023-12-26T16:49:08","date_gmt":"2023-12-26T19:49:08","guid":{"rendered":"https:\/\/infovera.com.ar\/web\/?p=48952"},"modified":"2023-12-26T16:49:08","modified_gmt":"2023-12-26T19:49:08","slug":"no-hay-rastros-de-sebastian-escobar-a-8-meses-de-su-desaparicion","status":"publish","type":"post","link":"https:\/\/infovera.com.ar\/web\/2023\/12\/26\/no-hay-rastros-de-sebastian-escobar-a-8-meses-de-su-desaparicion\/","title":{"rendered":"No hay rastros de Sebasti\u00e1n Escobar, a 8 meses de su desaparici\u00f3n"},"content":{"rendered":"<p>La tierra parece haberse tragado a Sebasti\u00e1n Luis Escobar desde el 28 de abril pasado cuando fue la \u00faltima que sus familiares lo vieron vida.<\/p>\n<p>Oriundo de Reconquista, tiene tez trigue\u00f1a, una estatura de 1,70 mt, cabellos negros, ojos marrones y contextura delgada, de acuerdo a la denuncia por pedido de paradero que realiz\u00f3 su familia apenas tom\u00f3 nota de que faltaba de su hogar. Al momento de su desaparici\u00f3n vest\u00eda un jean azul gastado, un buzo negro y alpargatas azules.<\/p>\n<p>En un comunicado difundido a principios de junio, la Secretar\u00eda de Derechos Humanos de Santa Fe solicit\u00f3 cualquier informaci\u00f3n sobre el paradero de este hombre de 31 a\u00f1os, identificable tambi\u00e9n por un tatuaje en el brazo derecho con el nombre \u201cMicaela\u201d.<\/p>\n<p>En su b\u00fasqueda intervinieron agentes de la Comisar\u00eda 1\u00ba de la Unidad Regional IX y el Ministerio P\u00fablico de la Acusaci\u00f3n (MPA) de Reconquista, a los que se sumaron con el correr de los meses efectivos de la PDI.<\/p>\n<p>El fiscal Nicol\u00e1s Maglier, que tiene a cargo el caso, aclar\u00f3 en la ma\u00f1ana del martes que \u201ctambi\u00e9n ha habido casos an\u00e1logos donde la confusi\u00f3n se replica y tiene que ver con que, nosotros, lo que hacemos es abocarnos en forma complementaria, colaborativa a la b\u00fasqueda de las personas; pero el MPA no tiene por funci\u00f3n, dentro de lo que es la ley org\u00e1nica del Ministerio P\u00fablico de la Acusaci\u00f3n, la b\u00fasqueda en s\u00ed de personas, sino en casos en los cuales hubiese hip\u00f3tesis criminal\u201d.<\/p>\n<p>El funcionario puso en claro que \u201cen este caso, entre otras hip\u00f3tesis, esa (la criminal) persiste, por lo cual nosotros no hemos dejado nunca de llevar a cabo todas las diligencias habidas y por haber, como para hallar a esta persona. No ha habido ninguna que no haya sido realizada\u201d. Ante cada planteo, \u201cpor m\u00e1s, si se quiere, vol\u00e1til que pueda llegar a surgir en alg\u00fan lugar sobre alguna hip\u00f3tesis, nosotros vamos y la chequeamos\u201d, asegur\u00f3.<\/p>\n<p><strong>Rastrillajes y entrevistas<\/strong><\/p>\n<p>El investigador dijo que hasta ahora las actuaciones, que incluyeron rastrillajes y entrevistas para sostener o descartar hip\u00f3tesis, no han tenido resultados concluyentes. Y revel\u00f3 que hay otras medidas que est\u00e1n en curso, relacionadas estrechamente tambi\u00e9n hasta con las condiciones clim\u00e1ticas que tiene que haber para que tengan un resultado fruct\u00edfero, y que \u201cen este sentido no las puedo adelantar para no frustrarlas\u201d.<\/p>\n<p>El Dr. Maglier sostuvo que se trabaja permanente en esta causa e insisti\u00f3 con \u201cel el hecho de que se maneja, entre otras hip\u00f3tesis, la hip\u00f3tesis criminal, que eso es lo \u00fanico que en forma directa se relaciona con el Ministerio P\u00fablico de la Acusaci\u00f3n\u201d.<\/p>\n<p>Acerca del contacto con la familia, el fiscal destac\u00f3 que \u201cen todo momento, ellos tienen permanentemente las puertas abiertas de la oficina para plantearnos distintas cuestiones. En realidad, bregamos siempre porque los familiares primero se contacten con nosotros. Tambi\u00e9n tenemos una estrecha vinculaci\u00f3n para lo que tiene que ver con intercambio de informaci\u00f3n con la abogada que los representa, que muy seriamente lo hace\u201d.<\/p>\n<p><strong>Sin pistas firmes<\/strong><\/p>\n<p>Datos confiables aportados por fuentes judiciales dan cuenta que la hermana y la madre llamaron varias veces al 911 y fueron a fiscal\u00eda para aportar datos de personas que supuestamente estuvieron con Sebasti\u00e1n Escobar (ser\u00edan del barrio La Cortada, de Reconquista) y lo habr\u00edan atacado: &#8220;Pero nunca hemos logrado llegar a nada, las personas dicen que escucharon por ah\u00ed, que ellos no vieron; y vamos para atr\u00e1s, pero siempre en algun punto muere la informaci\u00f3n y no llegamos a nada\u201d.<\/p>\n<p>\u201cPor otro lado, se han requerido informes a todos los entes publicos de salud de la provincia y no ha sido atendido en ningun lugar. Estamos atentos a NN que aparecen fallecidos en todo el pa\u00eds, pero nada al momento\u201d, describieron desde la justicia.<\/p>\n","protected":false},"excerpt":{"rendered":"<p>La tierra parece haberse tragado a Sebasti\u00e1n Luis Escobar desde el 28 de abril pasado cuando fue la \u00faltima que sus familiares lo vieron vida. Oriundo de Reconquista, tiene tez trigue\u00f1a, una estatura de 1,70 mt, cabellos negros, ojos marrones y contextura delgada, de acuerdo a la denuncia por pedido de paradero que realiz\u00f3 su [&hellip;]<\/p>\n","protected":false},"author":3,"featured_media":48953,"comment_status":"closed","ping_status":"closed","sticky":false,"template":"","format":"standard","meta":{"_joinchat":[],"footnotes":""},"categories":[30,55,61],"tags":[],"class_list":{"0":"post-48952","1":"post","2":"type-post","3":"status-publish","4":"format-standard","5":"has-post-thumbnail","7":"category-policiales","8":"category-reconquista","9":"category-regionales"},"_links":{"self":[{"href":"https:\/\/infovera.com.ar\/web\/wp-json\/wp\/v2\/posts\/48952","targetHints":{"allow":["GET"]}}],"collection":[{"href":"https:\/\/infovera.com.ar\/web\/wp-json\/wp\/v2\/posts"}],"about":[{"href":"https:\/\/infovera.com.ar\/web\/wp-json\/wp\/v2\/types\/post"}],"author":[{"embeddable":true,"href":"https:\/\/infovera.com.ar\/web\/wp-json\/wp\/v2\/users\/3"}],"replies":[{"embeddable":true,"href":"https:\/\/infovera.com.ar\/web\/wp-json\/wp\/v2\/comments?post=48952"}],"version-history":[{"count":0,"href":"https:\/\/infovera.com.ar\/web\/wp-json\/wp\/v2\/posts\/48952\/revisions"}],"wp:featuredmedia":[{"embeddable":true,"href":"https:\/\/infovera.com.ar\/web\/wp-json\/wp\/v2\/media\/48953"}],"wp:attachment":[{"href":"https:\/\/infovera.com.ar\/web\/wp-json\/wp\/v2\/media?parent=48952"}],"wp:term":[{"taxonomy":"category","embeddable":true,"href":"https:\/\/infovera.com.ar\/web\/wp-json\/wp\/v2\/categories?post=48952"},{"taxonomy":"post_tag","embeddable":true,"href":"https:\/\/infovera.com.ar\/web\/wp-json\/wp\/v2\/tags?post=48952"}],"curies":[{"name":"wp","href":"https:\/\/api.w.org\/{rel}","templated":true}]}}