{"id":48936,"date":"2023-12-25T18:00:33","date_gmt":"2023-12-25T21:00:33","guid":{"rendered":"https:\/\/infovera.com.ar\/web\/?p=48936"},"modified":"2023-12-26T21:09:24","modified_gmt":"2023-12-27T00:09:24","slug":"un-maleante-con-una-fuerte-suma-de-dinero-y-pedido-de-captura-fue-arrestado-por-el-robo-de-piletas-a-la-quinta","status":"publish","type":"post","link":"https:\/\/infovera.com.ar\/web\/2023\/12\/25\/un-maleante-con-una-fuerte-suma-de-dinero-y-pedido-de-captura-fue-arrestado-por-el-robo-de-piletas-a-la-quinta\/","title":{"rendered":"Un maleante con una fuerte suma de dinero y pedido de captura fue arrestado por el robo de piletas a La Quinta"},"content":{"rendered":"<p>Se trata de Tom\u00e1s Aquino.<\/p>\n<p>En relaci\u00f3n a una denuncia policial radicada por responsables de la Asociaci\u00f3n Civil La Quinta por el robo de piletas de lona desde su predio ubicado al norte de Vera, agentes de la Unidad Regional XIX y de la PDI hallaron los elementos sustraidos en inmediaciones de calles Rafael Mudry y Estanislao L\u00f3pez.<\/p>\n<p>En un terreno bald\u00edo, entre malezas, observaron una bolsa tipo nylon conteniendo en el interior la cantidad de 33 ca\u00f1os de aluminio y pl\u00e1stico de color rojo, que ser\u00edan de las piletas faltantes.<\/p>\n<p>Asimismo, en raz\u00f3n de encontrarse realizando diferentes averiguaciones tendientes al esclarecimiento del il\u00edcito dieron, en inmediaciones del lugar, con la presencia de un sujeto sobre quien pesa pedido de captura de 18 de octubre pasado.<\/p>\n<p>El maleante, al notar la presencia policial se dio a la fuga en forma pedestre haciendo caso omiso a las voces de alto, pero en un terreno en zona lindante fue interceptado por efectivos.<\/p>\n<p>Ten\u00eda en su poder una suma importante de dinero en efectivo, una ri\u00f1onera, un cargador de celular y diferentes tarjetas (DNI y de cr\u00e9dito).<\/p>\n<p>Fue trasladado a sede policial en calidad de aprehendido por el hecho caratulado como resistencia a la autoridad. Se puso en conocimiento a fiscal en turno quien orden\u00f3 pautas a seguir.<\/p>\n<p><a href=\"https:\/\/infovera.com.ar\/web\/wp-content\/uploads\/2023\/12\/quinta-robo.jpg\"><img loading=\"lazy\" decoding=\"async\" class=\"alignleft size-full wp-image-48938\" src=\"https:\/\/infovera.com.ar\/web\/wp-content\/uploads\/2023\/12\/quinta-robo.jpg\" alt=\"\" width=\"1280\" height=\"1035\" srcset=\"https:\/\/infovera.com.ar\/web\/wp-content\/uploads\/2023\/12\/quinta-robo.jpg 1280w, https:\/\/infovera.com.ar\/web\/wp-content\/uploads\/2023\/12\/quinta-robo-696x563.jpg 696w, https:\/\/infovera.com.ar\/web\/wp-content\/uploads\/2023\/12\/quinta-robo-1068x864.jpg 1068w, https:\/\/infovera.com.ar\/web\/wp-content\/uploads\/2023\/12\/quinta-robo-519x420.jpg 519w\" sizes=\"auto, (max-width: 1280px) 100vw, 1280px\" \/><\/a><\/p>\n","protected":false},"excerpt":{"rendered":"<p>Se trata de Tom\u00e1s Aquino. En relaci\u00f3n a una denuncia policial radicada por responsables de la Asociaci\u00f3n Civil La Quinta por el robo de piletas de lona desde su predio ubicado al norte de Vera, agentes de la Unidad Regional XIX y de la PDI hallaron los elementos sustraidos en inmediaciones de calles Rafael Mudry [&hellip;]<\/p>\n","protected":false},"author":3,"featured_media":48937,"comment_status":"closed","ping_status":"closed","sticky":false,"template":"","format":"standard","meta":{"_joinchat":[],"footnotes":""},"categories":[30,53],"tags":[],"class_list":{"0":"post-48936","1":"post","2":"type-post","3":"status-publish","4":"format-standard","5":"has-post-thumbnail","7":"category-policiales","8":"category-vera"},"_links":{"self":[{"href":"https:\/\/infovera.com.ar\/web\/wp-json\/wp\/v2\/posts\/48936","targetHints":{"allow":["GET"]}}],"collection":[{"href":"https:\/\/infovera.com.ar\/web\/wp-json\/wp\/v2\/posts"}],"about":[{"href":"https:\/\/infovera.com.ar\/web\/wp-json\/wp\/v2\/types\/post"}],"author":[{"embeddable":true,"href":"https:\/\/infovera.com.ar\/web\/wp-json\/wp\/v2\/users\/3"}],"replies":[{"embeddable":true,"href":"https:\/\/infovera.com.ar\/web\/wp-json\/wp\/v2\/comments?post=48936"}],"version-history":[{"count":0,"href":"https:\/\/infovera.com.ar\/web\/wp-json\/wp\/v2\/posts\/48936\/revisions"}],"wp:featuredmedia":[{"embeddable":true,"href":"https:\/\/infovera.com.ar\/web\/wp-json\/wp\/v2\/media\/48937"}],"wp:attachment":[{"href":"https:\/\/infovera.com.ar\/web\/wp-json\/wp\/v2\/media?parent=48936"}],"wp:term":[{"taxonomy":"category","embeddable":true,"href":"https:\/\/infovera.com.ar\/web\/wp-json\/wp\/v2\/categories?post=48936"},{"taxonomy":"post_tag","embeddable":true,"href":"https:\/\/infovera.com.ar\/web\/wp-json\/wp\/v2\/tags?post=48936"}],"curies":[{"name":"wp","href":"https:\/\/api.w.org\/{rel}","templated":true}]}}