{"id":48846,"date":"2023-12-20T11:30:34","date_gmt":"2023-12-20T14:30:34","guid":{"rendered":"https:\/\/infovera.com.ar\/web\/?p=48846"},"modified":"2023-12-20T18:03:49","modified_gmt":"2023-12-20T21:03:49","slug":"nomeacuerdo-cerro-el-ano-con-su-ultima-actuacion","status":"publish","type":"post","link":"https:\/\/infovera.com.ar\/web\/2023\/12\/20\/nomeacuerdo-cerro-el-ano-con-su-ultima-actuacion\/","title":{"rendered":"Nomeacuerdo cerr\u00f3 el a\u00f1o con su \u00faltima actuaci\u00f3n"},"content":{"rendered":"<p>Con la obra \u201cMisi\u00f3n suegros imposibles\u201d, el Grupo de Teatro Independiente \u201cNomeacuerdo\u201d cerr\u00f3 un a\u00f1o muy positivo haciendo lo que m\u00e1s le gusta, esta vez la puesta en escena fue en el Club de Abuelos.<\/p>\n<p>El contenido de sus obras generalmente aborda temas costumbristas, donde no faltan las escenas risue\u00f1as en las que, a menudo, los espectadores se sienten identificados con la interpretaci\u00f3n, creando una simbiosis que hace m\u00e1s atractivo y entretenido el tiempo que dura el espect\u00e1culo.<\/p>\n<p>El grupo agradeci\u00f3 \u201cal p\u00fablico que siempre nos dice presente y nos alienta a seguir, a los colegas de Le Troupe por acompa\u00f1arnos, a So\u00f1ar por el aporte mobiliario, al Club de los Abuelos por cedernos sus instalaciones donde nos hemos sentido muy c\u00f3modos, y a Dios que nos conserva la salud y la energ\u00eda para seguir por este camino del arte que tan felices nos hace\u201d.<\/p>\n<p>Tambi\u00e9n hubo un reconocimiento muy especial para la impecable direcci\u00f3n de Ana Mar\u00eda Centis que siempre supo seleccionar la producci\u00f3n adecuada para poner en escena obras como la cl\u00e1sica \u201cEsperando la carroza\u201d, hasta \u201cEl velorio de la azafata\u201d, \u201cRen\u00e9, qu\u00e9 familia ten\u00e9s!\u201d y \u201cLa casa de los abuelos\u201d, entre otras.<\/p>\n<p>El elenco es reconocidos como actores verdaderos y est\u00e1 integrado por In\u00e9s De la Pe\u00f1a, Juan Carlos Frigeri, Mar\u00eda Luisa Centis, Susana Damelli, Liliana Gon, Mario Cruchi, Estela Vicente, Mar\u00eda Luisa Welschen, Salvador Guayar\u00e9, Elsi Garcia, Cristina Spies, Silvia Celestino, Marta Sosa, Juli\u00e1n Zarza, Daniel Diaz y Tete Vicente.<\/p>\n<p>Adem\u00e1s de sus presentaciones habituales en la ciudad de Vera, con obras referidas a festejos especiales, ha sido convocado a participar en localidades de la zona como como Malabrigo y ha tenido una destacada participaci\u00f3n en el Festival de Teatro de la ciudad de Avellaneda.<\/p>\n<p>Letyana Press<\/p>\n","protected":false},"excerpt":{"rendered":"<p>Con la obra \u201cMisi\u00f3n suegros imposibles\u201d, el Grupo de Teatro Independiente \u201cNomeacuerdo\u201d cerr\u00f3 un a\u00f1o muy positivo haciendo lo que m\u00e1s le gusta, esta vez la puesta en escena fue en el Club de Abuelos. El contenido de sus obras generalmente aborda temas costumbristas, donde no faltan las escenas risue\u00f1as en las que, a menudo, [&hellip;]<\/p>\n","protected":false},"author":3,"featured_media":48847,"comment_status":"closed","ping_status":"closed","sticky":false,"template":"","format":"standard","meta":{"_joinchat":[],"footnotes":""},"categories":[53],"tags":[],"class_list":{"0":"post-48846","1":"post","2":"type-post","3":"status-publish","4":"format-standard","5":"has-post-thumbnail","7":"category-vera"},"_links":{"self":[{"href":"https:\/\/infovera.com.ar\/web\/wp-json\/wp\/v2\/posts\/48846","targetHints":{"allow":["GET"]}}],"collection":[{"href":"https:\/\/infovera.com.ar\/web\/wp-json\/wp\/v2\/posts"}],"about":[{"href":"https:\/\/infovera.com.ar\/web\/wp-json\/wp\/v2\/types\/post"}],"author":[{"embeddable":true,"href":"https:\/\/infovera.com.ar\/web\/wp-json\/wp\/v2\/users\/3"}],"replies":[{"embeddable":true,"href":"https:\/\/infovera.com.ar\/web\/wp-json\/wp\/v2\/comments?post=48846"}],"version-history":[{"count":0,"href":"https:\/\/infovera.com.ar\/web\/wp-json\/wp\/v2\/posts\/48846\/revisions"}],"wp:featuredmedia":[{"embeddable":true,"href":"https:\/\/infovera.com.ar\/web\/wp-json\/wp\/v2\/media\/48847"}],"wp:attachment":[{"href":"https:\/\/infovera.com.ar\/web\/wp-json\/wp\/v2\/media?parent=48846"}],"wp:term":[{"taxonomy":"category","embeddable":true,"href":"https:\/\/infovera.com.ar\/web\/wp-json\/wp\/v2\/categories?post=48846"},{"taxonomy":"post_tag","embeddable":true,"href":"https:\/\/infovera.com.ar\/web\/wp-json\/wp\/v2\/tags?post=48846"}],"curies":[{"name":"wp","href":"https:\/\/api.w.org\/{rel}","templated":true}]}}