{"id":48844,"date":"2023-12-20T11:20:43","date_gmt":"2023-12-20T14:20:43","guid":{"rendered":"https:\/\/infovera.com.ar\/web\/?p=48844"},"modified":"2023-12-20T11:20:43","modified_gmt":"2023-12-20T14:20:43","slug":"se-detecto-un-caso-humano-de-encefalitis-equina-del-oeste-en-general-obligado","status":"publish","type":"post","link":"https:\/\/infovera.com.ar\/web\/2023\/12\/20\/se-detecto-un-caso-humano-de-encefalitis-equina-del-oeste-en-general-obligado\/","title":{"rendered":"Se detect\u00f3 un caso humano de Encefalitis Equina del Oeste en General Obligado"},"content":{"rendered":"<p>Ante la presentaci\u00f3n de una persona con s\u00edntomas, la r\u00e1pida atenci\u00f3n en el Hospital &#8220;Olga Stucky de Rizzi\u201d (Reconquista) permiti\u00f3 que se desarrolle como un caso leve y el paciente evoluciona favorablemente.<\/p>\n<p>La secretaria de Salud del Ministerio de Salud, Andrea Uboldi, brindar\u00e1 detalles a la prensa a las 11.30, en el Hospital &#8220;Olga Stucky de Rizzi\u201d, Hip\u00f3lito Irigoyen 2051.<\/p>\n","protected":false},"excerpt":{"rendered":"<p>Ante la presentaci\u00f3n de una persona con s\u00edntomas, la r\u00e1pida atenci\u00f3n en el Hospital &#8220;Olga Stucky de Rizzi\u201d (Reconquista) permiti\u00f3 que se desarrolle como un caso leve y el paciente evoluciona favorablemente. La secretaria de Salud del Ministerio de Salud, Andrea Uboldi, brindar\u00e1 detalles a la prensa a las 11.30, en el Hospital &#8220;Olga Stucky [&hellip;]<\/p>\n","protected":false},"author":3,"featured_media":40672,"comment_status":"closed","ping_status":"closed","sticky":false,"template":"","format":"standard","meta":{"_joinchat":[],"footnotes":""},"categories":[55,61],"tags":[],"class_list":{"0":"post-48844","1":"post","2":"type-post","3":"status-publish","4":"format-standard","5":"has-post-thumbnail","7":"category-reconquista","8":"category-regionales"},"_links":{"self":[{"href":"https:\/\/infovera.com.ar\/web\/wp-json\/wp\/v2\/posts\/48844","targetHints":{"allow":["GET"]}}],"collection":[{"href":"https:\/\/infovera.com.ar\/web\/wp-json\/wp\/v2\/posts"}],"about":[{"href":"https:\/\/infovera.com.ar\/web\/wp-json\/wp\/v2\/types\/post"}],"author":[{"embeddable":true,"href":"https:\/\/infovera.com.ar\/web\/wp-json\/wp\/v2\/users\/3"}],"replies":[{"embeddable":true,"href":"https:\/\/infovera.com.ar\/web\/wp-json\/wp\/v2\/comments?post=48844"}],"version-history":[{"count":0,"href":"https:\/\/infovera.com.ar\/web\/wp-json\/wp\/v2\/posts\/48844\/revisions"}],"wp:featuredmedia":[{"embeddable":true,"href":"https:\/\/infovera.com.ar\/web\/wp-json\/wp\/v2\/media\/40672"}],"wp:attachment":[{"href":"https:\/\/infovera.com.ar\/web\/wp-json\/wp\/v2\/media?parent=48844"}],"wp:term":[{"taxonomy":"category","embeddable":true,"href":"https:\/\/infovera.com.ar\/web\/wp-json\/wp\/v2\/categories?post=48844"},{"taxonomy":"post_tag","embeddable":true,"href":"https:\/\/infovera.com.ar\/web\/wp-json\/wp\/v2\/tags?post=48844"}],"curies":[{"name":"wp","href":"https:\/\/api.w.org\/{rel}","templated":true}]}}