{"id":48785,"date":"2023-12-18T18:21:03","date_gmt":"2023-12-18T21:21:03","guid":{"rendered":"https:\/\/infovera.com.ar\/web\/?p=48785"},"modified":"2023-12-18T18:57:09","modified_gmt":"2023-12-18T21:57:09","slug":"nueva-tormenta-golpeo-a-alejandra","status":"publish","type":"post","link":"https:\/\/infovera.com.ar\/web\/2023\/12\/18\/nueva-tormenta-golpeo-a-alejandra\/","title":{"rendered":"Nueva tormenta golpe\u00f3 a Alejandra"},"content":{"rendered":"<p>La localidad de Alejandra se vio nuevamente afectada en la ma\u00f1ana de hoy por una tormenta que, si bien no alcanz\u00f3 la intensidad del evento del s\u00e1bado pasado, dej\u00f3 a su paso algunos da\u00f1os.<\/p>\n<p>Las r\u00e1fagas de viento fueron lo suficientemente fuertes como para derribar \u00e1rboles y postes del servicio el\u00e9ctrico. El total de agua ca\u00edda era de 46 mil\u00edmetros.<\/p>\n<p>Ante esta situaci\u00f3n, diversos equipos de respuesta entraron en acci\u00f3n de inmediato. Personal de la Comuna, Bomberos Voluntarios, solidarios vecinos y cuadrillas de la Empresa Provincial de la Energ\u00eda (EPE) se han sumado a una tarea tit\u00e1nica para restablecer la normalidad en Alejandra, una comunidad ubicada en el departamento San Javier.<\/p>\n<p>El trabajo conjunto busca no solo la remoci\u00f3n de obst\u00e1culos como \u00e1rboles ca\u00eddos y postes derribados, sino tambi\u00e9n la rehabilitaci\u00f3n de los servicios esenciales afectados. La solidaridad y el esfuerzo coordinado de la comunidad son vitales en estos momentos dif\u00edciles, y se espera que, con este trabajo conjunto, Alejandra pueda superar r\u00e1pidamente los desaf\u00edos impuestos por esta nueva tormenta.<\/p>\n<p>Luis Ver\u00f3n<\/p>\n","protected":false},"excerpt":{"rendered":"<p>La localidad de Alejandra se vio nuevamente afectada en la ma\u00f1ana de hoy por una tormenta que, si bien no alcanz\u00f3 la intensidad del evento del s\u00e1bado pasado, dej\u00f3 a su paso algunos da\u00f1os. Las r\u00e1fagas de viento fueron lo suficientemente fuertes como para derribar \u00e1rboles y postes del servicio el\u00e9ctrico. El total de agua [&hellip;]<\/p>\n","protected":false},"author":3,"featured_media":48787,"comment_status":"closed","ping_status":"closed","sticky":false,"template":"","format":"standard","meta":{"_joinchat":[],"footnotes":""},"categories":[51],"tags":[],"class_list":{"0":"post-48785","1":"post","2":"type-post","3":"status-publish","4":"format-standard","5":"has-post-thumbnail","7":"category-locales"},"_links":{"self":[{"href":"https:\/\/infovera.com.ar\/web\/wp-json\/wp\/v2\/posts\/48785","targetHints":{"allow":["GET"]}}],"collection":[{"href":"https:\/\/infovera.com.ar\/web\/wp-json\/wp\/v2\/posts"}],"about":[{"href":"https:\/\/infovera.com.ar\/web\/wp-json\/wp\/v2\/types\/post"}],"author":[{"embeddable":true,"href":"https:\/\/infovera.com.ar\/web\/wp-json\/wp\/v2\/users\/3"}],"replies":[{"embeddable":true,"href":"https:\/\/infovera.com.ar\/web\/wp-json\/wp\/v2\/comments?post=48785"}],"version-history":[{"count":0,"href":"https:\/\/infovera.com.ar\/web\/wp-json\/wp\/v2\/posts\/48785\/revisions"}],"wp:featuredmedia":[{"embeddable":true,"href":"https:\/\/infovera.com.ar\/web\/wp-json\/wp\/v2\/media\/48787"}],"wp:attachment":[{"href":"https:\/\/infovera.com.ar\/web\/wp-json\/wp\/v2\/media?parent=48785"}],"wp:term":[{"taxonomy":"category","embeddable":true,"href":"https:\/\/infovera.com.ar\/web\/wp-json\/wp\/v2\/categories?post=48785"},{"taxonomy":"post_tag","embeddable":true,"href":"https:\/\/infovera.com.ar\/web\/wp-json\/wp\/v2\/tags?post=48785"}],"curies":[{"name":"wp","href":"https:\/\/api.w.org\/{rel}","templated":true}]}}