{"id":48776,"date":"2023-12-18T11:10:08","date_gmt":"2023-12-18T14:10:08","guid":{"rendered":"https:\/\/infovera.com.ar\/web\/?p=48776"},"modified":"2023-12-18T18:26:22","modified_gmt":"2023-12-18T21:26:22","slug":"patricia-bullrich-felicito-al-juez-federal-alurralde-por-el-megaoperativo-antidrogas","status":"publish","type":"post","link":"https:\/\/infovera.com.ar\/web\/2023\/12\/18\/patricia-bullrich-felicito-al-juez-federal-alurralde-por-el-megaoperativo-antidrogas\/","title":{"rendered":"Patricia Bullrich felicit\u00f3 al juez federal Alurralde por el megaoperativo antidrogas"},"content":{"rendered":"<p>La Ministra de Seguridad de la Naci\u00f3n tuite\u00f3 acerca de los 14 allanamientos que incluyeron a la c\u00e1rcel de Coronda.<\/p>\n<p>&#8220;14 allanamientos simult\u00e1neos y una narcobanda desarticulada&#8221;, encabez\u00f3 su posteo en la red social X la titular de la cartera nacional y dijo que &#8220;era una banda manejada desde la c\u00e1rcel&#8221;.<\/p>\n<p>En la bajada de su publicaci\u00f3n, pormenoriz\u00f3 que se trat\u00f3 de un operativo conjunto entre Polic\u00eda Federal Argentina, Prefectura Naval Argentina y la Agencia de Investigaciones Criminales de la Polic\u00eda de la provincia de Santa Fe.<\/p>\n<p>Bullrich enumer\u00f3 que fueron 14 allanamientos en Avellaneda, Reconquista, Fort\u00edn Olmos y la ciudad de Santa Fe ordenados por el juez federal de Reconquista, Mario Alurralde, con detenidos y secuestro de coca\u00edna, marihuana y anotaciones clave para la causa.<\/p>\n<p>En el p\u00e1rrafo final reconoci\u00f3 &#8221; la integridad y firmeza del juez Alurralde, que siempre va al frente y no transa con nadie&#8221;. &#8220;El que las hace, las paga&#8221;, puntualiz\u00f3, con la frase de cabecera de su nueva gesti\u00f3n.<\/p>\n<p>Al respecto, el juez federal Aldo Mario Alurralde agradeci\u00f3 las consideraciones de la ministra: &#8220;Esto evidentemente es un aliciente para seguir en este camino y con este criterio que vengo sosteniendo desde que estoy a cargo, hace 14 a\u00f1os, del Juzgado Federal de Reconquista&#8221;.<\/p>\n<p>Aunque, aclar\u00f3 que &#8220;esto no debe ser s\u00f3lo personal, sino para todo el equipo de investigaci\u00f3n, para las fuerzas que actuaron tanto federales como provincial, tambi\u00e9n para la Fiscal\u00eda Federal de Reconquista que ha tenido parte de la investigaci\u00f3n en curso&#8221;.<\/p>\n<p>El magistrado ahond\u00f3 en que su criterio no ha variado a lo largo del tiempo sino que es &#8220;siempre el mismo criterio en el sentido de no hacer de este juzgado ni puerta giratoria ni nada por el estilo. No hablamos de mano dura, s\u00ed de mano justa&#8221;.<\/p>\n<p><strong>&#8211; \u00bfEl juez federal de Reconquista no se casa con los narcotraficantes? <\/strong><\/p>\n<p>&#8211; Obviamente, a ver, en esto hay que tenerlo claro. Uno la vez que cruza la l\u00ednea, la cruza para siempre. Esto no es que usted va a cruzar en un caso y en el otro no. Y bueno, en esto lo tenemos claro porque adem\u00e1s esto es lo que tambi\u00e9n tiene que estar dentro de la funci\u00f3n p\u00fablica, que es el compromiso, eso es fundamental. Si uno no tiene compromiso, bueno, que se dedique a otro tipo de actividad que requiere menor tipo de compromiso. Pero esta es una tarea en donde uno sabe que no busca amigos ni nada por el estilo, justamente porque la sociedad le ha encargado la de impartir justicia&#8221;.<\/p>\n<p><strong>&#8211; \u00bfC\u00f3mo se lleg\u00f3 a un operativo de estas dimensiones y con estos resultados?<\/strong><\/p>\n<p>&#8211; Este fue un procedimiento que en realidad comienza con tres investigaciones, sobre las cuales se dispuso pasar a lo que se llama la fase operativa, dado que afectaba barrios comunes y de manera tal de no alertar frente al allanamiento de las viviendas en una causa y dejar las otras sin allanar. Producto de estos allanamientos, se secuestraron distintos elementos, como sea marihuana, coca\u00edna, plantas de marihuana, elementos de corte, balanzas, recortes de nylon, 48 tel\u00e9fonos celulares, anotaciones de inter\u00e9s, CBU bancarias y alias de terceras personas, un autom\u00f3vil Renault Fluence, un VW Gol, dos motocicletas, una camioneta S10, 1.859.000 pesos en efectivo y otros elementos de inter\u00e9s para la causa.<\/p>\n<p>Son tres causas en las cuales hay importante cantidad de pruebas reunidas hasta ahora, como ser tareas de campo, filmaciones e intervenciones telef\u00f3nicas. Particip\u00f3 una fuerza provincial, en lo que es un anticipo de lo que a nivel Legislatura provincial se ha aprobado, que es la ley de desfederalizaci\u00f3n, que bienvenida sea.<\/p>\n<p><strong>&#8211; Siempre remarca el hecho de personas que est\u00e1n cumpliendo condena venden drogas desde la c\u00e1rcel y que tienen los elementos apropiados para hacerlo, esta investigaci\u00f3n parece ser una prueba de ello<\/strong><\/p>\n<p>&#8211; Bueno, a las pruebas me remito, justamente en esta causa nosotros allanamos dos celdas de la c\u00e1rcel de Colonda porque conforme la investigaci\u00f3n estas personas continuar\u00edan con la actividad del narcotr\u00e1fico, siendo que est\u00e1n cumpliendo condenas por narcotr\u00e1fico y que hab\u00edan sido remitidas oportunamente a juicio por este juzgado. Se encontr\u00f3 coca\u00edna en la c\u00e1rcel y se encontraron tel\u00e9fonos celulares, anotaciones vinculadas a terceras personas de inter\u00e9s para la causa. Es decir, esto es un plexo probatorio que nos est\u00e1 indicando que se exige o requiere mayor control en materia carcelaria porque de alguna forma ingres\u00f3 esa coca\u00edna, esa droga a la c\u00e1rcel, y tambi\u00e9n los celulares que estar\u00edan siendo utilizados por la actividad il\u00edcita.<\/p>\n<p><strong>&#8211; Otro de los temas de la semana pasada tiene que ver con la aprobaci\u00f3n de la ley de narcomenudeo a nivel provincial, \u00bfcu\u00e1l es su opini\u00f3n sobre esta novedad?<\/strong><\/p>\n<p>Esto es algo que era, por lo menos, en lo personal esperado. Hace tres meses escrib\u00ed un art\u00edculo justamente en una revista de publicaci\u00f3n cient\u00edfica a favor de la desfederalizaci\u00f3n explicando los motivos por cu\u00e1l era urgente que la provincia de Santa Fe se adhiriera a esta ley. Hay que entender que no va a ser la \u00fanica herramienta, que esto va a requerir tambi\u00e9n otras tareas en materia de prevenci\u00f3n. Por ejemplo, como bien se se\u00f1al\u00f3 en el debate legislativo de esta adhesi\u00f3n de la provincia, no es solo una ley. Una ley no cambia realidades, sino que tiene que haber otras pol\u00edticas, como ser pol\u00edticas de prevenci\u00f3n en materia de narcotr\u00e1fico, las cuales son inexistentes, han sido inexistentes. Esto lo vengo se\u00f1alando hace bastante. Bienvenido sea a trabajar coordinadamente, en conjunto. Esto permite ampliar los actores que pueden actuar en la lucha contra el narcotr\u00e1fico y ya no es algo tan limitado como est\u00e1 hoy por hoy la justicia federal con muy poca inserci\u00f3n territorial, con muy pocos juzgados federales y pocos fiscales y jueces.<\/p>\n","protected":false},"excerpt":{"rendered":"<p>La Ministra de Seguridad de la Naci\u00f3n tuite\u00f3 acerca de los 14 allanamientos que incluyeron a la c\u00e1rcel de Coronda. &#8220;14 allanamientos simult\u00e1neos y una narcobanda desarticulada&#8221;, encabez\u00f3 su posteo en la red social X la titular de la cartera nacional y dijo que &#8220;era una banda manejada desde la c\u00e1rcel&#8221;. En la bajada de [&hellip;]<\/p>\n","protected":false},"author":3,"featured_media":48777,"comment_status":"closed","ping_status":"closed","sticky":false,"template":"","format":"standard","meta":{"_joinchat":[],"footnotes":""},"categories":[55,61],"tags":[],"class_list":{"0":"post-48776","1":"post","2":"type-post","3":"status-publish","4":"format-standard","5":"has-post-thumbnail","7":"category-reconquista","8":"category-regionales"},"_links":{"self":[{"href":"https:\/\/infovera.com.ar\/web\/wp-json\/wp\/v2\/posts\/48776","targetHints":{"allow":["GET"]}}],"collection":[{"href":"https:\/\/infovera.com.ar\/web\/wp-json\/wp\/v2\/posts"}],"about":[{"href":"https:\/\/infovera.com.ar\/web\/wp-json\/wp\/v2\/types\/post"}],"author":[{"embeddable":true,"href":"https:\/\/infovera.com.ar\/web\/wp-json\/wp\/v2\/users\/3"}],"replies":[{"embeddable":true,"href":"https:\/\/infovera.com.ar\/web\/wp-json\/wp\/v2\/comments?post=48776"}],"version-history":[{"count":0,"href":"https:\/\/infovera.com.ar\/web\/wp-json\/wp\/v2\/posts\/48776\/revisions"}],"wp:featuredmedia":[{"embeddable":true,"href":"https:\/\/infovera.com.ar\/web\/wp-json\/wp\/v2\/media\/48777"}],"wp:attachment":[{"href":"https:\/\/infovera.com.ar\/web\/wp-json\/wp\/v2\/media?parent=48776"}],"wp:term":[{"taxonomy":"category","embeddable":true,"href":"https:\/\/infovera.com.ar\/web\/wp-json\/wp\/v2\/categories?post=48776"},{"taxonomy":"post_tag","embeddable":true,"href":"https:\/\/infovera.com.ar\/web\/wp-json\/wp\/v2\/tags?post=48776"}],"curies":[{"name":"wp","href":"https:\/\/api.w.org\/{rel}","templated":true}]}}