{"id":48633,"date":"2023-12-12T19:43:22","date_gmt":"2023-12-12T22:43:22","guid":{"rendered":"https:\/\/infovera.com.ar\/web\/?p=48633"},"modified":"2023-12-13T13:21:37","modified_gmt":"2023-12-13T16:21:37","slug":"motosierra-a-full-el-dolar-oficial-a-800-y-drastico-recorte-de-la-obra-publica","status":"publish","type":"post","link":"https:\/\/infovera.com.ar\/web\/2023\/12\/12\/motosierra-a-full-el-dolar-oficial-a-800-y-drastico-recorte-de-la-obra-publica\/","title":{"rendered":"Motosierra a full: el d\u00f3lar oficial a $ 800 y dr\u00e1stico recorte de la obra p\u00fablica"},"content":{"rendered":"<p>Tras varias postergaciones, se emiti\u00f3 el mensaje grabado del ministro de Econom\u00eda, Luis Caputo. Tambi\u00e9n habr\u00e1 una fuerte reducci\u00f3n del aparato estatal nacional y de los gastos, se liberan las importaciones y se van a aumentar los montos de la AUH y la tarjeta Alimentar.<\/p>\n<p>A trav\u00e9s de un mensaje grabado que tuvo una demora de m\u00e1s de dos horas, en el Ministro de Econom\u00eda de la Naci\u00f3n, Luis Caputo, anunci\u00f3 este martes un paquete de medidas que denomin\u00f3 de &#8220;urgencia econ\u00f3mica&#8221; para los primeros meses de la gesti\u00f3n de gobierno de Javier Milei.<\/p>\n<p>Caputo ratific\u00f3 que el pa\u00eds &#8220;esta frente a la peor herencia de su historia&#8221;, por la cual &#8220;los argentinos son cada vez m\u00e1s pobres&#8221;, al presentar las primeras diez medidas del paquete de urgencia econ\u00f3mica.<\/p>\n<p>En el mensaje difundido por redes sociales, Caputo asegur\u00f3 que la g\u00e9nesis del problema &#8220;siempre ha sido el d\u00e9ficit fiscal&#8221;, al anunciar esta tarde un paquete de medidas econ\u00f3micas.<\/p>\n<p>&#8220;El d\u00e9ficit fiscal supera 5,5 puntos de producto, con un Banco Central con hoja de balance absolutamente deteriorada, sin d\u00f3lares en su activo y una emisi\u00f3n monetaria de mas de 20 puntos de producto que hizo que actualmente la inflaci\u00f3n navegara al 300% anual y castigara a los argentinos todos los d\u00edas&#8221;, rese\u00f1\u00f3.<\/p>\n<p>&#8220;Nuestra misi\u00f3n es evitar esta cat\u00e1strofe y para ello hay que reconocer la g\u00e9nesis del problema, que ha sido siempre el d\u00e9ficit fiscal&#8221;, subray\u00f3 en el mensaje grabado.<br \/>\nAfirm\u00f3 tambi\u00e9n que &#8220;es fundamental solucionar nuestro problema de adicci\u00f3n al d\u00e9ficit fiscal&#8221; y se\u00f1al\u00f3 que el gobierno viene a arreglar &#8220;este problema de ra\u00edz para no tener que padecer m\u00e1s inflaci\u00f3n y pobreza&#8221;.<\/p>\n<p><strong>Las principales medidas<\/strong><\/p>\n<p>1- No se renuevan contratos laborales en el Estado con menos de un a\u00f1o de vigencia.<br \/>\n2- Suspensi\u00f3n de la pauta del gobierno nacional por un a\u00f1o.<br \/>\n3- Reducci\u00f3n de la cantidad de ministerios y secretar\u00edas.<br \/>\n4- Reducci\u00f3n de los ATN a las provincias.<br \/>\n5- Eliminaci\u00f3n de las licitaciones de obra p\u00fablica y suspensi\u00f3n de la ejecuci\u00f3n de las licitadas que a\u00fan no arrancaron.<br \/>\n6- Reducci\u00f3n de subsidios a la energ\u00eda y al transporte.<br \/>\n7- Congelamiento de los Potenciar Trabajo en valores 2023.<br \/>\n8- D\u00f3lar oficial a $800. Aumento del Impuesto PAIS a las importaciones y a las retenciones de exportaciones no agropecuarias.<br \/>\n9- Reemplazo de las SIRA por un sistema de importaci\u00f3n sin autorizaci\u00f3n previa.<br \/>\n10- Duplicar la asignaci\u00f3n por hijo y subir 50% la tarjeta Alimentar.<\/p>\n<p><strong>El punteo de las medidas<\/strong><\/p>\n<p>Como primera medida, anunci\u00f3 que &#8220;no se renuevan los contratos laborales del Estado que tengan menos de un a\u00f1o de vigencia&#8221; y que se suspende la pauta del Gobierno nacional &#8220;por un a\u00f1o&#8221;.<\/p>\n<p>Adem\u00e1s, record\u00f3 que conforme a la nueva ley de ministerios, estos &#8220;se reducir\u00e1n de 18 a 9, y secretar\u00edas de 106 a 54, lo que redundar\u00e1 en una reducci\u00f3n de m\u00e1s de 50% de los cargos jer\u00e1rquicos y 34% de los cargos pol\u00edticos totales del Estado nacional&#8221;; &#8220;reducir al m\u00ednimo las transferencias discrecionales del Estado nacional a las provincias&#8221;.<br \/>\nPor otra parte, indic\u00f3 que &#8220;el tipo de cambio pasar\u00e1 a valer $800 y estar\u00e1 acompa\u00f1ado de un aumento provisorio del Impuesto Pa\u00eds y de un aumento a las retenciones no agropecuarias&#8221;.<\/p>\n<p>Tambi\u00e9n inform\u00f3 que el gobierno mantendr\u00e1 &#8220;los planes Potenciar Trabajo de acuerdo a lo establecido en el presupuesto 2023&#8221;.<\/p>\n<p>Asimismo, se\u00f1al\u00f3: &#8220;El Estado nacional no va a licitar m\u00e1s obra p\u00fablica nueva y va a cancelar las aprobadas cuyo desarrollo no haya comenzado&#8221;, al reiterar que &#8220;no hay plata para pagar obras que muchas veces terminan en los bolsillos de los pol\u00edticos y empresarios&#8221;.<\/p>\n<p>Tambi\u00e9n anunci\u00f3 &#8220;la reducci\u00f3n de los subsidios a la energ\u00eda y al transporte&#8221;, al entender que el Estado sostiene &#8220;precios baj\u00edsimos en materia energ\u00e9tica y al transporte porque la pol\u00edtica enga\u00f1a a la gente haci\u00e9ndoles creer que les ponen plata en los bolsillos pero eso se paga con inflaci\u00f3n&#8221;.<\/p>\n<p>Adem\u00e1s, apunt\u00f3 el fin del sistema de importaciones SIRA y su reemplazo por otro esquema en el que la empresas no deber\u00e1n pedir permisos de manera previa para sus operaciones.<\/p>\n<p>Por \u00faltimo, dijo que el gobierno duplicar\u00e1 el monto de la Asignaci\u00f3n Universal por Hijo (AUH) e incrementar\u00e1 en un 50%, la ayuda brindada a trav\u00e9s de la Tarjeta Alimentar.<br \/>\n&#8220;Este es el camino correcto porque si seguimos por el otro camino vamos a mayor pobreza, inflaci\u00f3n y sufrimiento pero si hacemos los deberes permit\u00e1monos so\u00f1ar con ese pa\u00eds que hace 100 a\u00f1os tuvimos&#8221;, dijo el jefe del Palacio de Hacienda al presentar diez medidas econ\u00f3micas de urgencia.<\/p>\n","protected":false},"excerpt":{"rendered":"<p>Tras varias postergaciones, se emiti\u00f3 el mensaje grabado del ministro de Econom\u00eda, Luis Caputo. Tambi\u00e9n habr\u00e1 una fuerte reducci\u00f3n del aparato estatal nacional y de los gastos, se liberan las importaciones y se van a aumentar los montos de la AUH y la tarjeta Alimentar. A trav\u00e9s de un mensaje grabado que tuvo una demora [&hellip;]<\/p>\n","protected":false},"author":3,"featured_media":48634,"comment_status":"closed","ping_status":"closed","sticky":false,"template":"","format":"standard","meta":{"_joinchat":[],"footnotes":""},"categories":[62],"tags":[],"class_list":{"0":"post-48633","1":"post","2":"type-post","3":"status-publish","4":"format-standard","5":"has-post-thumbnail","7":"category-nacionales"},"_links":{"self":[{"href":"https:\/\/infovera.com.ar\/web\/wp-json\/wp\/v2\/posts\/48633","targetHints":{"allow":["GET"]}}],"collection":[{"href":"https:\/\/infovera.com.ar\/web\/wp-json\/wp\/v2\/posts"}],"about":[{"href":"https:\/\/infovera.com.ar\/web\/wp-json\/wp\/v2\/types\/post"}],"author":[{"embeddable":true,"href":"https:\/\/infovera.com.ar\/web\/wp-json\/wp\/v2\/users\/3"}],"replies":[{"embeddable":true,"href":"https:\/\/infovera.com.ar\/web\/wp-json\/wp\/v2\/comments?post=48633"}],"version-history":[{"count":0,"href":"https:\/\/infovera.com.ar\/web\/wp-json\/wp\/v2\/posts\/48633\/revisions"}],"wp:featuredmedia":[{"embeddable":true,"href":"https:\/\/infovera.com.ar\/web\/wp-json\/wp\/v2\/media\/48634"}],"wp:attachment":[{"href":"https:\/\/infovera.com.ar\/web\/wp-json\/wp\/v2\/media?parent=48633"}],"wp:term":[{"taxonomy":"category","embeddable":true,"href":"https:\/\/infovera.com.ar\/web\/wp-json\/wp\/v2\/categories?post=48633"},{"taxonomy":"post_tag","embeddable":true,"href":"https:\/\/infovera.com.ar\/web\/wp-json\/wp\/v2\/tags?post=48633"}],"curies":[{"name":"wp","href":"https:\/\/api.w.org\/{rel}","templated":true}]}}