{"id":48588,"date":"2023-12-11T06:39:24","date_gmt":"2023-12-11T09:39:24","guid":{"rendered":"https:\/\/infovera.com.ar\/web\/?p=48588"},"modified":"2023-12-11T09:27:00","modified_gmt":"2023-12-11T12:27:00","slug":"asumio-maximiliano-pullaro-con-anuncios-clave-en-seguridad-educacion-y-produccion","status":"publish","type":"post","link":"https:\/\/infovera.com.ar\/web\/2023\/12\/11\/asumio-maximiliano-pullaro-con-anuncios-clave-en-seguridad-educacion-y-produccion\/","title":{"rendered":"Asumi\u00f3 Maximiliano Pullaro con anuncios clave en seguridad, educaci\u00f3n y producci\u00f3n"},"content":{"rendered":"<p>Traz\u00f3 ejes de su mandato en el discurso en la Legislatura: m\u00e1s polic\u00edas en las calles y patrullajes; una Justicia m\u00e1s eficiente; un urgente plan de alfabetizaci\u00f3n y la eliminaci\u00f3n de la no repitencia, y el acompa\u00f1amiento a la producci\u00f3n y la industria.<\/p>\n<p>En lo que fue su primer discurso ante la Legislatura, el gobernador de Santa Fe, Maximiliano Pullaro, traz\u00f3 los lineamientos principales ejes de su gesti\u00f3n y particularmente las acciones que se implementar\u00e1n desde este lunes.En materia de seguridad, anticip\u00f3 que \u201ccomo medida extraordinaria\u201d se dispondr\u00e1 de la presencia de \u201c180 patrulleros en Rosario, 80 en la ciudad de Santa Fe, organizados por cuadr\u00edculas y por capas. Lo mismo vamos a realizar en las principales ciudades de la provincia donde el delito se ha extendido a l\u00edmites preocupantes\u201d.<\/p>\n<p>Estas acciones ser\u00e1n parte de \u201cun plan de contingencia y emergencia operacional, que va a volcar todos los recursos disponibles a la prevenci\u00f3n en calle\u201d. \u201cVamos a intervenir progresivamente ocho barrios en Rosario y cuatro en Santa Fe, mediante una acci\u00f3n estatal concertada tendiente a reducir la violencia, atacar la venta de droga, y restablecer la paz social\u201d, adelant\u00f3.<\/p>\n<p>Tambi\u00e9n indic\u00f3 que habr\u00e1 r\u00e1pidas medidas de controles en las c\u00e1rceles: \u201cVamos a terminar el \u2018homeoffice\u2019 de los delincuentes desde los lugares de detenci\u00f3n\u201d. En la semana habr\u00e1 reuniones con el Gobierno nacional para acordar la llegada de refuerzos federales, que estar\u00e1n bajo mando operativo del gobernador.<\/p>\n<p>Adem\u00e1s le pedir\u00e1 \u201ca los legisladores nacionales que avancen en la Ley de Derribo, a fin de que nuestros cielos no sean sistem\u00e1ticamente invadidos por el narcotr\u00e1fico\u201d y adelant\u00f3 que enviar\u00e1 un paquete de proyectos a la Legislatura provincial que incluir\u00e1n: narcomenudeo, ley provincial de inteligencia, reformas al c\u00f3digo procesal penal, reformas a la fiscal\u00eda y defensa p\u00fablica, y ley provincial de ejecuci\u00f3n de la pena\u201d.<\/p>\n<p>El Gobernador, dej\u00f3 en claro: \u201cNuestras fuerzas de seguridad tienen un arma reglamentaria en su cintura, y deben utilizarla en el uso progresivo de la fuerza. Este es el rol que la ley y la sociedad les encomend\u00f3\u201d. Y adelant\u00f3 que se propondr\u00e1 a la Legislatura la implementaci\u00f3n de Juicio por Jurados para delitos graves, entre ellos los que pongan en cuesti\u00f3n el accionar policial ante los delincuentes. \u201cQue sea la propia sociedad quien juzgue los hechos que sufre todos los d\u00edas\u201d, dijo.<\/p>\n<p><strong>Medidas clave<\/strong><\/p>\n<p>Por otra parte, hizo un fuerte hincapi\u00e9 en las pol\u00edticas educativas. \u201cLanzaremos un Plan Provincial de Alfabetizaci\u00f3n, transversal a todo el sistema educativo con \u00e9nfasis en los tres primeros a\u00f1os de primaria en articulaci\u00f3n con el nivel inicial\u201d, asever\u00f3. Estableci\u00f3 que ser\u00e1n 190 los d\u00edas de ciclo lectivo a cumplirse, y confirm\u00f3 que se llamar\u00e1 a paritarias a los gremios docentes en enero para empezar las clases el 26 de febrero.<\/p>\n<p>Adem\u00e1s se eliminar\u00e1 la no repitencia: \u201cDerogaremos el avance continuo, porque no se trata de pasar sin saber con el \u00fanico fin de disfrazar de manera ficticia las tasas de egresos\u201d, afirm\u00f3.<\/p>\n<p>En materia de producci\u00f3n e industria, sostuvo que \u201cSanta Fe tiene todo para ser la locomotora del crecimiento nacional, con m\u00e1s producci\u00f3n, m\u00e1s productores, con mayor sostenibilidad, con m\u00e1s y mejor infraestructura productiva, exportando para crecer e innovando para exportar\u201d. \u201cVamos a trabajar arduamente para acompa\u00f1ar con acciones a las empresas y emprendimientos de nuestra Provincia\u201d, apunt\u00f3, y plante\u00f3 como objetivo llevar de las 750 pymes actuales a 1500, en cuatro a\u00f1os.<\/p>\n<p>En otro tramo de su discurso, confirm\u00f3 la vuelta los planes ABRE y Nueva Oportunidad, y en materia de salud, un trabajo intenso para descentralizar la atenci\u00f3n, adem\u00e1s de llevar adelante un Plan de Salud Mental.<\/p>\n<p>\u201cMe prepar\u00e9 con mucha responsabilidad para este momento. Me comprometo firmemente ante todos ustedes a trabajar junto a mi equipo 24\/7, cada d\u00eda de estos 4 a\u00f1os, cada minuto que estemos despiertos, con austeridad y honestidad, para dejar una provincia mejor para todos\u201d, concluy\u00f3 Pullaro.<\/p>\n","protected":false},"excerpt":{"rendered":"<p>Traz\u00f3 ejes de su mandato en el discurso en la Legislatura: m\u00e1s polic\u00edas en las calles y patrullajes; una Justicia m\u00e1s eficiente; un urgente plan de alfabetizaci\u00f3n y la eliminaci\u00f3n de la no repitencia, y el acompa\u00f1amiento a la producci\u00f3n y la industria. En lo que fue su primer discurso ante la Legislatura, el gobernador [&hellip;]<\/p>\n","protected":false},"author":3,"featured_media":48589,"comment_status":"closed","ping_status":"closed","sticky":false,"template":"","format":"standard","meta":{"_joinchat":[],"footnotes":""},"categories":[60],"tags":[],"class_list":{"0":"post-48588","1":"post","2":"type-post","3":"status-publish","4":"format-standard","5":"has-post-thumbnail","7":"category-provinciales"},"_links":{"self":[{"href":"https:\/\/infovera.com.ar\/web\/wp-json\/wp\/v2\/posts\/48588","targetHints":{"allow":["GET"]}}],"collection":[{"href":"https:\/\/infovera.com.ar\/web\/wp-json\/wp\/v2\/posts"}],"about":[{"href":"https:\/\/infovera.com.ar\/web\/wp-json\/wp\/v2\/types\/post"}],"author":[{"embeddable":true,"href":"https:\/\/infovera.com.ar\/web\/wp-json\/wp\/v2\/users\/3"}],"replies":[{"embeddable":true,"href":"https:\/\/infovera.com.ar\/web\/wp-json\/wp\/v2\/comments?post=48588"}],"version-history":[{"count":0,"href":"https:\/\/infovera.com.ar\/web\/wp-json\/wp\/v2\/posts\/48588\/revisions"}],"wp:featuredmedia":[{"embeddable":true,"href":"https:\/\/infovera.com.ar\/web\/wp-json\/wp\/v2\/media\/48589"}],"wp:attachment":[{"href":"https:\/\/infovera.com.ar\/web\/wp-json\/wp\/v2\/media?parent=48588"}],"wp:term":[{"taxonomy":"category","embeddable":true,"href":"https:\/\/infovera.com.ar\/web\/wp-json\/wp\/v2\/categories?post=48588"},{"taxonomy":"post_tag","embeddable":true,"href":"https:\/\/infovera.com.ar\/web\/wp-json\/wp\/v2\/tags?post=48588"}],"curies":[{"name":"wp","href":"https:\/\/api.w.org\/{rel}","templated":true}]}}