{"id":48525,"date":"2023-12-07T19:19:20","date_gmt":"2023-12-07T22:19:20","guid":{"rendered":"https:\/\/infovera.com.ar\/web\/?p=48525"},"modified":"2023-12-10T14:23:11","modified_gmt":"2023-12-10T17:23:11","slug":"perotti-inaugurara-un-nuevo-tramo-de-la-ruta-provincial-36","status":"publish","type":"post","link":"https:\/\/infovera.com.ar\/web\/2023\/12\/07\/perotti-inaugurara-un-nuevo-tramo-de-la-ruta-provincial-36\/","title":{"rendered":"Perotti inaugurar\u00e1 un nuevo tramo de la Ruta Provincial 36"},"content":{"rendered":"<p>Esta obra contempla la ejecuci\u00f3n de la pavimentaci\u00f3n de la Ruta Provincial 36, en el tramo entre Colonia Sager y la Ruta Nacional 11, atravesando parte de los departamentos San Javier y Vera, al aoreste de la Provincia de Santa Fe en una longitud de 24,23 Km.<\/p>\n<p>El acto, que ser\u00e1 encabezado por el gobernador en su \u00faltimo acto en Vera, tendr\u00e1 lugar a las 14 de viernees en la intersecci\u00f3n de las rutas 36 y 11.<\/p>\n<p>&nbsp;<\/p>\n","protected":false},"excerpt":{"rendered":"<p>Esta obra contempla la ejecuci\u00f3n de la pavimentaci\u00f3n de la Ruta Provincial 36, en el tramo entre Colonia Sager y la Ruta Nacional 11, atravesando parte de los departamentos San Javier y Vera, al aoreste de la Provincia de Santa Fe en una longitud de 24,23 Km. El acto, que ser\u00e1 encabezado por el gobernador [&hellip;]<\/p>\n","protected":false},"author":3,"featured_media":48526,"comment_status":"closed","ping_status":"closed","sticky":false,"template":"","format":"standard","meta":{"_joinchat":[],"footnotes":""},"categories":[1],"tags":[],"class_list":{"0":"post-48525","1":"post","2":"type-post","3":"status-publish","4":"format-standard","5":"has-post-thumbnail","7":"category-sin-categoria"},"_links":{"self":[{"href":"https:\/\/infovera.com.ar\/web\/wp-json\/wp\/v2\/posts\/48525","targetHints":{"allow":["GET"]}}],"collection":[{"href":"https:\/\/infovera.com.ar\/web\/wp-json\/wp\/v2\/posts"}],"about":[{"href":"https:\/\/infovera.com.ar\/web\/wp-json\/wp\/v2\/types\/post"}],"author":[{"embeddable":true,"href":"https:\/\/infovera.com.ar\/web\/wp-json\/wp\/v2\/users\/3"}],"replies":[{"embeddable":true,"href":"https:\/\/infovera.com.ar\/web\/wp-json\/wp\/v2\/comments?post=48525"}],"version-history":[{"count":0,"href":"https:\/\/infovera.com.ar\/web\/wp-json\/wp\/v2\/posts\/48525\/revisions"}],"wp:featuredmedia":[{"embeddable":true,"href":"https:\/\/infovera.com.ar\/web\/wp-json\/wp\/v2\/media\/48526"}],"wp:attachment":[{"href":"https:\/\/infovera.com.ar\/web\/wp-json\/wp\/v2\/media?parent=48525"}],"wp:term":[{"taxonomy":"category","embeddable":true,"href":"https:\/\/infovera.com.ar\/web\/wp-json\/wp\/v2\/categories?post=48525"},{"taxonomy":"post_tag","embeddable":true,"href":"https:\/\/infovera.com.ar\/web\/wp-json\/wp\/v2\/tags?post=48525"}],"curies":[{"name":"wp","href":"https:\/\/api.w.org\/{rel}","templated":true}]}}