{"id":48519,"date":"2023-12-07T13:42:52","date_gmt":"2023-12-07T16:42:52","guid":{"rendered":"https:\/\/infovera.com.ar\/web\/?p=48519"},"modified":"2023-12-09T13:32:32","modified_gmt":"2023-12-09T16:32:32","slug":"amra-advirtio-que-la-uti-vera-no-cumple-con-los-requisitos-minimos-para-funcionar","status":"publish","type":"post","link":"https:\/\/infovera.com.ar\/web\/2023\/12\/07\/amra-advirtio-que-la-uti-vera-no-cumple-con-los-requisitos-minimos-para-funcionar\/","title":{"rendered":"AMRA advirti\u00f3 que la UTI Vera no cumple con los requisitos m\u00ednimos para funcionar"},"content":{"rendered":"<p>La Asocaci\u00f3n de M\u00e9dicos de la Rep\u00fablica Argentina remiti\u00f3 un reclamo al Ministerio de Salud. En tanto, el Representante de la Comunidad en el Consejo Asesor del HRV dijo que &#8220;hoy no est\u00e1 funcionando&#8221;. Qu\u00e9 dijeron las autoridades entrante de Salud.<\/p>\n<p>Con la firma de su secretario general, Eduardo Taboada, AMRA dirigi\u00f3 una nota en caracter de urgente a las autoridades de la cartera sanitaria provincial por la incierta situaci\u00f3n que atraviesa la Unidad de Terapia Intensiva de Vera.<\/p>\n<p>&#8220;Habiendo tomado conocimiento que la Terapia Intensiva y la Sala de Cl\u00ednica M\u00e9dica del Hospital de Vera no cumplen con los requisitos m\u00ednimos para ser tal, conllevando una excesiva responsabilidad m\u00e9dica, tanto civil como penal, de nuestros afiliados, solicitamos urgente intervenci\u00f3n a los fines de tomar las medidas que fueran necesarias para garantizar as\u00ed la comunidad y seguridad a los trabajadores&#8221;, advirti\u00f3 el sindicato, en la misiva fechada el 6 de diciembre.<\/p>\n<p><strong>Falta de cargos<\/strong><\/p>\n<p>Por otra parte, hace aproximadamente dos semanas el Representante de la Comunidad en el Consejo Asesor del HRV, &#8220;Tito&#8221; Villasboas, convoc\u00f3 a las instituciones a una reuni\u00f3n informativa respecto de la realidad que afecta a la flamante UTI.<\/p>\n<p>En di\u00e1logo con <strong>InfoVera<\/strong>, el funcionario dijo en la ma\u00f1ana de este jueves que &#8220;se llev\u00f3 a cabo una reuni\u00f3n, m\u00e1s que nada institucional, donde transmitimos que la UTI no va a ser UTI, no va a ser Unidad de Cuidados Intensivos&#8221;, sino que &#8220;va a ser Unidad de Cuidados Progresivos&#8221;, pero que &#8220;todav\u00eda no puede entrar en funcionamiento por la falta de los cargos, o sea, de los recursos humanos&#8221;.<\/p>\n<p>Villasboas sostuvo que hay que esperar el nuevo cambio de gobierno para &#8220;poder seguir gestionando esos recursos humanos que son necesarios. Esos cargos, lo \u00fanico que se hizo, se propuso los nombres, pero el acto administrativo no se finaliz\u00f3&#8221;, y record\u00f3 que el compromiso era de 6 m\u00e9dicos, 6 profesionales, aunque &#8220;faltar\u00eda todav\u00eda un recurso humano de enfermer\u00eda&#8221;.<\/p>\n<p>El integrante del Consejo puso en contexto que &#8220;hoy no est\u00e1 funcionando (la UTI). Lo \u00fanico que est\u00e1 funcionando del nuevo edificio es la Guardia y la Sala de Rayos&#8221;.<\/p>\n<p>En sus apreciaciones, indic\u00f3 que &#8220;celebramos que tengamos un edificio nuevo. Obviamente, queremos tener las condiciones porque, en definitiva, despu\u00e9s va a recaer primero la responsabilidad sobre los profesionales, sobre el personal de salud, y despu\u00e9s sobre las autoridades. Lo que m\u00e1s preocupa tambi\u00e9n es que recae la responsabilidad sobre el personal de salud&#8221;.\u00a0En ese sentido, manifest\u00f3: &#8220;Tienen que estar todas las condiciones dadas, porque estamos hablando del cuidado de la vida de las personas&#8221;.<\/p>\n<p><strong>Camas y ba\u00f1o<\/strong><\/p>\n<p><strong>InfoVera<\/strong> pudo saber que el gobierno provincial entrante tomar\u00e1 con fuerza el desaf\u00edo de poner en funcionamiento la tan esperada UTI Vera. Un trascendido, que pudo ser confirmado, dio cuenta que funcionarios que estar\u00e1n a cargo de las pol\u00edticas sanitarias no pudieron ocultar su asombro por las caracter\u00edsticas edilicias del nuevo efector verense. Lo que m\u00e1s les llam\u00f3 la atenci\u00f3n es la nueva Sala de Cl\u00ednica M\u00e9dica, que dispone de 18 camas y \u00a1un solo ba\u00f1o!.<\/p>\n","protected":false},"excerpt":{"rendered":"<p>La Asocaci\u00f3n de M\u00e9dicos de la Rep\u00fablica Argentina remiti\u00f3 un reclamo al Ministerio de Salud. En tanto, el Representante de la Comunidad en el Consejo Asesor del HRV dijo que &#8220;hoy no est\u00e1 funcionando&#8221;. Qu\u00e9 dijeron las autoridades entrante de Salud. Con la firma de su secretario general, Eduardo Taboada, AMRA dirigi\u00f3 una nota en [&hellip;]<\/p>\n","protected":false},"author":3,"featured_media":48520,"comment_status":"closed","ping_status":"closed","sticky":false,"template":"","format":"standard","meta":{"_joinchat":[],"footnotes":""},"categories":[53],"tags":[],"class_list":{"0":"post-48519","1":"post","2":"type-post","3":"status-publish","4":"format-standard","5":"has-post-thumbnail","7":"category-vera"},"_links":{"self":[{"href":"https:\/\/infovera.com.ar\/web\/wp-json\/wp\/v2\/posts\/48519","targetHints":{"allow":["GET"]}}],"collection":[{"href":"https:\/\/infovera.com.ar\/web\/wp-json\/wp\/v2\/posts"}],"about":[{"href":"https:\/\/infovera.com.ar\/web\/wp-json\/wp\/v2\/types\/post"}],"author":[{"embeddable":true,"href":"https:\/\/infovera.com.ar\/web\/wp-json\/wp\/v2\/users\/3"}],"replies":[{"embeddable":true,"href":"https:\/\/infovera.com.ar\/web\/wp-json\/wp\/v2\/comments?post=48519"}],"version-history":[{"count":0,"href":"https:\/\/infovera.com.ar\/web\/wp-json\/wp\/v2\/posts\/48519\/revisions"}],"wp:featuredmedia":[{"embeddable":true,"href":"https:\/\/infovera.com.ar\/web\/wp-json\/wp\/v2\/media\/48520"}],"wp:attachment":[{"href":"https:\/\/infovera.com.ar\/web\/wp-json\/wp\/v2\/media?parent=48519"}],"wp:term":[{"taxonomy":"category","embeddable":true,"href":"https:\/\/infovera.com.ar\/web\/wp-json\/wp\/v2\/categories?post=48519"},{"taxonomy":"post_tag","embeddable":true,"href":"https:\/\/infovera.com.ar\/web\/wp-json\/wp\/v2\/tags?post=48519"}],"curies":[{"name":"wp","href":"https:\/\/api.w.org\/{rel}","templated":true}]}}