{"id":48515,"date":"2023-12-07T12:27:57","date_gmt":"2023-12-07T15:27:57","guid":{"rendered":"https:\/\/infovera.com.ar\/web\/?p=48515"},"modified":"2023-12-07T13:45:16","modified_gmt":"2023-12-07T16:45:16","slug":"retoman-la-campana-cabellos-por-sonrisas","status":"publish","type":"post","link":"https:\/\/infovera.com.ar\/web\/2023\/12\/07\/retoman-la-campana-cabellos-por-sonrisas\/","title":{"rendered":"Retoman la campa\u00f1a Cabellos por Sonrisas"},"content":{"rendered":"<p>Este viernes 8 de diciembre, a partir de las 17, en el predio del Ferrocarril de Vera, se retoma la campa\u00f1a Cabellos por Sonrisas!<\/p>\n<p>SUMATE, APOYA Y DIFUNDI!!!<\/p>\n<p>Se puede colaborar cort\u00e1ndose el cabello o trayendo juguetes nuevos, leche en polvo, \u00fatiles escolares y libros de cuentos nuevos, pa\u00f1ales xxg ni\u00f1os.<\/p>\n<p>Queremos como comunidad colaborar con los ni\u00f1os que est\u00e1n padeciendo c\u00e1ncer, haciendo un poquito m\u00e1s llevadero el tratamiento, entre todos podemos!!!!<\/p>\n<p>Recuerden que CUANDO UN NI\u00d1O SANA, EL MUNDO ESTA FELIZ!!!<\/p>\n<p>Gracias por su aporte!<\/p>\n","protected":false},"excerpt":{"rendered":"<p>Este viernes 8 de diciembre, a partir de las 17, en el predio del Ferrocarril de Vera, se retoma la campa\u00f1a Cabellos por Sonrisas! SUMATE, APOYA Y DIFUNDI!!! Se puede colaborar cort\u00e1ndose el cabello o trayendo juguetes nuevos, leche en polvo, \u00fatiles escolares y libros de cuentos nuevos, pa\u00f1ales xxg ni\u00f1os. Queremos como comunidad colaborar [&hellip;]<\/p>\n","protected":false},"author":3,"featured_media":48517,"comment_status":"closed","ping_status":"closed","sticky":false,"template":"","format":"standard","meta":{"_joinchat":[],"footnotes":""},"categories":[53],"tags":[],"class_list":{"0":"post-48515","1":"post","2":"type-post","3":"status-publish","4":"format-standard","5":"has-post-thumbnail","7":"category-vera"},"_links":{"self":[{"href":"https:\/\/infovera.com.ar\/web\/wp-json\/wp\/v2\/posts\/48515","targetHints":{"allow":["GET"]}}],"collection":[{"href":"https:\/\/infovera.com.ar\/web\/wp-json\/wp\/v2\/posts"}],"about":[{"href":"https:\/\/infovera.com.ar\/web\/wp-json\/wp\/v2\/types\/post"}],"author":[{"embeddable":true,"href":"https:\/\/infovera.com.ar\/web\/wp-json\/wp\/v2\/users\/3"}],"replies":[{"embeddable":true,"href":"https:\/\/infovera.com.ar\/web\/wp-json\/wp\/v2\/comments?post=48515"}],"version-history":[{"count":0,"href":"https:\/\/infovera.com.ar\/web\/wp-json\/wp\/v2\/posts\/48515\/revisions"}],"wp:featuredmedia":[{"embeddable":true,"href":"https:\/\/infovera.com.ar\/web\/wp-json\/wp\/v2\/media\/48517"}],"wp:attachment":[{"href":"https:\/\/infovera.com.ar\/web\/wp-json\/wp\/v2\/media?parent=48515"}],"wp:term":[{"taxonomy":"category","embeddable":true,"href":"https:\/\/infovera.com.ar\/web\/wp-json\/wp\/v2\/categories?post=48515"},{"taxonomy":"post_tag","embeddable":true,"href":"https:\/\/infovera.com.ar\/web\/wp-json\/wp\/v2\/tags?post=48515"}],"curies":[{"name":"wp","href":"https:\/\/api.w.org\/{rel}","templated":true}]}}