{"id":48485,"date":"2023-12-05T18:27:31","date_gmt":"2023-12-05T21:27:31","guid":{"rendered":"https:\/\/infovera.com.ar\/web\/?p=48485"},"modified":"2023-12-05T18:27:31","modified_gmt":"2023-12-05T21:27:31","slug":"se-realizo-el-concurso-para-fortalecer-a-la-justicia-federal-en-santa-fe","status":"publish","type":"post","link":"https:\/\/infovera.com.ar\/web\/2023\/12\/05\/se-realizo-el-concurso-para-fortalecer-a-la-justicia-federal-en-santa-fe\/","title":{"rendered":"Se realiz\u00f3 el concurso para fortalecer a la Justicia Federal en Santa Fe"},"content":{"rendered":"<div class=\"custom-text text-content styles_paragraph-detail__iq2ji styles_lila-links__fmg8W styles_note-styles__iXm81\">\n<p>Este martes 5 de diciembre, la Facultad de Ciencias Jur\u00eddicas y Sociales de la Universidad Nacional del Litoral (FCJS-UNL) fue sede del Concurso N\u00b0 493, organizado por el Consejo de la Magistratura de la Naci\u00f3n.<\/p>\n<\/div>\n<div class=\"custom-text text-content styles_paragraph-detail__iq2ji styles_lila-links__fmg8W styles_note-styles__iXm81\">\n<p>Esta iniciativa busca cubrir seis cargos de Juez\/a Penal Federal con funciones de garant\u00eda en diversas ciudades de la provincia, incluyendo\u00a0<strong>Santa Fe, Rafaela, Reconquista, Rosario, San Lorenzo y Venado Tuerto<\/strong>.<\/p>\n<\/div>\n<div class=\"custom-text text-content styles_paragraph-detail__iq2ji styles_lila-links__fmg8W styles_note-styles__iXm81\">\n<p>En este contexto, Claudia Levin, decana de la UNL, destac\u00f3 la importancia de esta convocatoria. &#8220;Estamos muy contentos y agradecidos de que se realicen los concursos para cubrir las vacantes de la Justicia Federal, y adem\u00e1s que se realicen en los lugares donde son las vacantes, realmente con un criterio muy federal&#8221;, sostuvo.<\/p>\n<\/div>\n<div class=\"custom-text text-content styles_paragraph-detail__iq2ji styles_lila-links__fmg8W styles_note-styles__iXm81\">\n<p>&#8220;Desde la universidad p\u00fablica tenemos las puertas abiertas para contribuir con lo que est\u00e9 a nuestro alcance y devolver algo a la sociedad&#8221;, agreg\u00f3 Levin.<\/p>\n<\/div>\n<div>\n<div>\n<div id=\"hcCvkw1C\" class=\"jwplayer jw-reset jw-state-playing jw-stretch-uniform jw-flag-aspect-mode jw-breakpoint-1 jw-floating-dismissible jw-flag-ads-googleima jw-flag-ads jw-flag-floating jw-flag-small-player jw-flag-user-inactive\" tabindex=\"0\" role=\"application\" aria-label=\"Reproductor de Video\" aria-describedby=\"jw-hcCvkw1C-shortcuts-tooltip-explanation\">\n<div class=\"jw-aspect jw-reset\">A su turno, Mar\u00eda Fernanda V\u00e1zquez, representante del Consejo de la Magistratura, brind\u00f3 detalles del proceso, mencionando que &#8220;estamos dando inicio al concurso 493 que tiene como finalidad la cobertura de seis cargos para jueces penales con funciones de garant\u00eda. Han participado 85 postulantes, siendo la mayor\u00eda de ellos de la regi\u00f3n&#8221;, explic\u00f3.<\/div>\n<\/div>\n<\/div>\n<\/div>\n<div class=\"custom-text text-content styles_paragraph-detail__iq2ji styles_lila-links__fmg8W styles_note-styles__iXm81\">\n<p>El concurso se enmarca en la Ley 27.715 de Fortalecimiento de la Justicia Penal Federal en la provincia de Santa Fe, que propone una transformaci\u00f3n significativa en la Justicia Federal. Adem\u00e1s, se destac\u00f3 el car\u00e1cter federal del proceso, buscando descentralizar las convocatorias y promover la participaci\u00f3n de postulantes de la regi\u00f3n.<\/p>\n<\/div>\n<div class=\"custom-text text-content styles_paragraph-detail__iq2ji styles_lila-links__fmg8W styles_note-styles__iXm81\">\n<p>V\u00e1zquez resalt\u00f3 la importancia de esta descentralizaci\u00f3n: &#8220;La mayor\u00eda de los postulantes son de aqu\u00ed. Antiguamente se tomaban en Buenos Aires, y lo que estamos haciendo es que se tomen en las regiones donde ser\u00e1n cubiertos los cargos. Tambi\u00e9n procuramos que se realicen en universidades p\u00fablicas&#8221; coment\u00f3.<\/p>\n<\/div>\n<div class=\"styles_article-image-epi__3jf7y\"><picture><img loading=\"lazy\" decoding=\"async\" class=\"styles_cover-image__jSsJM\" src=\"https:\/\/www.ellitoral.com\/images\/2023\/12\/05\/YZHzOcsgT_870x580__1.jpg\" alt=\"Miguel Piedecasas, Mar\u00eda Fernanda V\u00e1zquez y Claudia Levin. Cr\u00e9dito: Guillermo Di Salvatore.\" width=\"870\" height=\"580\" \/><\/picture>Miguel Piedecasas, Mar\u00eda Fernanda V\u00e1zquez y Claudia Levin. Cr\u00e9dito: Guillermo Di Salvatore.<\/p>\n<hr \/>\n<\/div>\n<div class=\"custom-text text-content styles_paragraph-detail__iq2ji styles_lila-links__fmg8W styles_note-styles__iXm81\">\n<p>Finalmente, Miguel Piedecasas, representante del Consejo de la Magistratura, indic\u00f3 que estos concursos representan el inicio de la transformaci\u00f3n de la Justicia Federal en la provincia, con un total de 51 cargos a cubrir, incluyendo magistrados\/as, fiscales y defensores\/as. Destac\u00f3 la importancia de la Ley de Fortalecimiento como respuesta a la demanda de un mejor servicio de justicia.<\/p>\n<\/div>\n<div class=\"custom-text text-content styles_paragraph-detail__iq2ji styles_lila-links__fmg8W styles_note-styles__iXm81\">\n<p>Piedecasas subray\u00f3 que este proceso de selecci\u00f3n es el inicio de una etapa transformadora: &#8220;Toda la cantidad de cargos que hay hoy en la provincia de Santa Fe en la Justicia Federal son 28, y estamos dando este inicio a la cobertura de 14. Es una enorme transformaci\u00f3n que ocurrir\u00e1 en la Justicia Federal&#8221;.<\/p>\n<\/div>\n<div class=\"styles_article-image-epi__3jf7y\"><picture><img loading=\"lazy\" decoding=\"async\" class=\"styles_cover-image__jSsJM\" src=\"https:\/\/www.ellitoral.com\/images\/2023\/12\/05\/muS2sdCpg_870x580__1.jpg\" alt=\"La iniciativa busca cubrir seis cargos de Juez\/a Penal Federal. Cr\u00e9dito: Guillermo Di Salvatore.\" width=\"870\" height=\"580\" \/><\/picture>La iniciativa busca cubrir seis cargos de Juez\/a Penal Federal. Cr\u00e9dito: Guillermo Di Salvatore.<\/p>\n<hr \/>\n<\/div>\n<div class=\"custom-text text-content styles_paragraph-detail__iq2ji styles_lila-links__fmg8W styles_note-styles__iXm81\">\n<p>El concurso se desarrollar\u00e1 en varias etapas y se espera que para finales del pr\u00f3ximo a\u00f1o se tengan resultados concretos. El Consejo de la Magistratura se comprometi\u00f3 a cumplir con los plazos establecidos.<\/p>\n<\/div>\n<div class=\"custom-text text-content styles_paragraph-detail__iq2ji styles_lila-links__fmg8W styles_note-styles__iXm81\">\n<p>La pronta puesta en funcionamiento de los tribunales permitir\u00e1 abordar los desaf\u00edos de la criminalidad organizada en la regi\u00f3n.<\/p>\n<\/div>\n","protected":false},"excerpt":{"rendered":"<p>Este martes 5 de diciembre, la Facultad de Ciencias Jur\u00eddicas y Sociales de la Universidad Nacional del Litoral (FCJS-UNL) fue sede del Concurso N\u00b0 493, organizado por el Consejo de la Magistratura de la Naci\u00f3n. Esta iniciativa busca cubrir seis cargos de Juez\/a Penal Federal con funciones de garant\u00eda en diversas ciudades de la provincia, [&hellip;]<\/p>\n","protected":false},"author":3,"featured_media":48486,"comment_status":"closed","ping_status":"closed","sticky":false,"template":"","format":"standard","meta":{"_joinchat":[],"footnotes":""},"categories":[60],"tags":[],"class_list":{"0":"post-48485","1":"post","2":"type-post","3":"status-publish","4":"format-standard","5":"has-post-thumbnail","7":"category-provinciales"},"_links":{"self":[{"href":"https:\/\/infovera.com.ar\/web\/wp-json\/wp\/v2\/posts\/48485","targetHints":{"allow":["GET"]}}],"collection":[{"href":"https:\/\/infovera.com.ar\/web\/wp-json\/wp\/v2\/posts"}],"about":[{"href":"https:\/\/infovera.com.ar\/web\/wp-json\/wp\/v2\/types\/post"}],"author":[{"embeddable":true,"href":"https:\/\/infovera.com.ar\/web\/wp-json\/wp\/v2\/users\/3"}],"replies":[{"embeddable":true,"href":"https:\/\/infovera.com.ar\/web\/wp-json\/wp\/v2\/comments?post=48485"}],"version-history":[{"count":0,"href":"https:\/\/infovera.com.ar\/web\/wp-json\/wp\/v2\/posts\/48485\/revisions"}],"wp:featuredmedia":[{"embeddable":true,"href":"https:\/\/infovera.com.ar\/web\/wp-json\/wp\/v2\/media\/48486"}],"wp:attachment":[{"href":"https:\/\/infovera.com.ar\/web\/wp-json\/wp\/v2\/media?parent=48485"}],"wp:term":[{"taxonomy":"category","embeddable":true,"href":"https:\/\/infovera.com.ar\/web\/wp-json\/wp\/v2\/categories?post=48485"},{"taxonomy":"post_tag","embeddable":true,"href":"https:\/\/infovera.com.ar\/web\/wp-json\/wp\/v2\/tags?post=48485"}],"curies":[{"name":"wp","href":"https:\/\/api.w.org\/{rel}","templated":true}]}}