{"id":48352,"date":"2023-11-30T11:21:10","date_gmt":"2023-11-30T14:21:10","guid":{"rendered":"https:\/\/infovera.com.ar\/web\/?p=48352"},"modified":"2023-12-01T09:12:24","modified_gmt":"2023-12-01T12:12:24","slug":"acusan-al-gobierno-provincial-de-adeudar-mas-de-20-000-millones-a-municipios-y-comunas","status":"publish","type":"post","link":"https:\/\/infovera.com.ar\/web\/2023\/11\/30\/acusan-al-gobierno-provincial-de-adeudar-mas-de-20-000-millones-a-municipios-y-comunas\/","title":{"rendered":"Acusan al gobierno provincial de adeudar m\u00e1s de $ 20.000 millones a municipios y comunas"},"content":{"rendered":"<p>En un comunicado, los Foros de Intendentes y Presidentes de Comunas de la oposici\u00f3n reclam\u00f3 al gobierno de Omar Perotti por considerables atrasos en el pago obligaciones.<\/p>\n<p>&#8220;El gobierno provincial debe m\u00e1s de 20.000 millones de pesos a municipios y comunas&#8221;, titularon el comunicado conjunto intendentes y presidentes comunales de la UCR, PRO, PS; PDP y CREO.<\/p>\n<p><strong>TEXTUAL<\/strong><\/p>\n<p>Estamos en el mes de noviembre y el gobierno provincial de Omar Perotti sigue amasando una importante deuda con municipios y comunas, la cual se esconde detr\u00e1s de una publicitada &#8220;buena situaci\u00f3n financiera&#8221;, en la que, seg\u00fan ellos mismos dicen, Maximiliano Pujaro recibir\u00eda a la provincia.<\/p>\n<p>Solo en fondos del Plan de Incluir, Obras Menores y Promudi, el gobierno provincial ya tiene una deuda que super\u00f3 los 20.000 millones de pesos, deuda que fue acumulada en los \u00faltimos cuatro a\u00f1os de gesti\u00f3n provincial.<\/p>\n<p>Adem\u00e1s, hay que agregar a esto que la Direcci\u00f3n Provincial de Vialidad est\u00e1 incumpliendo los pagos de certificados de los convenios de mantenimiento de calzada y desmalezado de rutas provinciales, no habiendo hasta la fecha recibido los desembolsos correspondientes, mientras se contin\u00faan llevando adelante los trabajos para no perjudicar la comunicaci\u00f3n y la producci\u00f3n de nuestra provincia.<\/p>\n<p>A lo que se suma tambi\u00e9n que no se vienen recibiendo los desembolsos de los contratos firmados por obras delegadas para caminos rurales (Ley 4908).<\/p>\n<p>Como es sabido, la actual crisis econ\u00f3mica y social en la que se encuentra nuestro pa\u00eds afecta profundamente la finanzas de todos los ciudadanos, y en especial la de los gobiernos locales, que deben contener a los mismos y sus necesidades irresueltas.<\/p>\n<p>Y m\u00e1s a\u00fan, esta deuda preocupa pensando en el mes de diciembre y los sueldos y aguinaldo de los empleados p\u00fablicos.<\/p>\n","protected":false},"excerpt":{"rendered":"<p>En un comunicado, los Foros de Intendentes y Presidentes de Comunas de la oposici\u00f3n reclam\u00f3 al gobierno de Omar Perotti por considerables atrasos en el pago obligaciones. &#8220;El gobierno provincial debe m\u00e1s de 20.000 millones de pesos a municipios y comunas&#8221;, titularon el comunicado conjunto intendentes y presidentes comunales de la UCR, PRO, PS; PDP [&hellip;]<\/p>\n","protected":false},"author":3,"featured_media":43154,"comment_status":"closed","ping_status":"closed","sticky":false,"template":"","format":"standard","meta":{"_joinchat":[],"footnotes":""},"categories":[60],"tags":[],"class_list":{"0":"post-48352","1":"post","2":"type-post","3":"status-publish","4":"format-standard","5":"has-post-thumbnail","7":"category-provinciales"},"_links":{"self":[{"href":"https:\/\/infovera.com.ar\/web\/wp-json\/wp\/v2\/posts\/48352","targetHints":{"allow":["GET"]}}],"collection":[{"href":"https:\/\/infovera.com.ar\/web\/wp-json\/wp\/v2\/posts"}],"about":[{"href":"https:\/\/infovera.com.ar\/web\/wp-json\/wp\/v2\/types\/post"}],"author":[{"embeddable":true,"href":"https:\/\/infovera.com.ar\/web\/wp-json\/wp\/v2\/users\/3"}],"replies":[{"embeddable":true,"href":"https:\/\/infovera.com.ar\/web\/wp-json\/wp\/v2\/comments?post=48352"}],"version-history":[{"count":0,"href":"https:\/\/infovera.com.ar\/web\/wp-json\/wp\/v2\/posts\/48352\/revisions"}],"wp:featuredmedia":[{"embeddable":true,"href":"https:\/\/infovera.com.ar\/web\/wp-json\/wp\/v2\/media\/43154"}],"wp:attachment":[{"href":"https:\/\/infovera.com.ar\/web\/wp-json\/wp\/v2\/media?parent=48352"}],"wp:term":[{"taxonomy":"category","embeddable":true,"href":"https:\/\/infovera.com.ar\/web\/wp-json\/wp\/v2\/categories?post=48352"},{"taxonomy":"post_tag","embeddable":true,"href":"https:\/\/infovera.com.ar\/web\/wp-json\/wp\/v2\/tags?post=48352"}],"curies":[{"name":"wp","href":"https:\/\/api.w.org\/{rel}","templated":true}]}}