{"id":48344,"date":"2023-11-29T21:45:02","date_gmt":"2023-11-30T00:45:02","guid":{"rendered":"https:\/\/infovera.com.ar\/web\/?p=48344"},"modified":"2023-11-29T21:45:02","modified_gmt":"2023-11-30T00:45:02","slug":"el-tribunal-electoral-entrego-los-diplomas-a-las-autoridades-electas-entre-ellos-al-verense-rojas","status":"publish","type":"post","link":"https:\/\/infovera.com.ar\/web\/2023\/11\/29\/el-tribunal-electoral-entrego-los-diplomas-a-las-autoridades-electas-entre-ellos-al-verense-rojas\/","title":{"rendered":"El Tribunal Electoral entreg\u00f3 los diplomas a las autoridades electas, entre ellos al verense Rojas"},"content":{"rendered":"<p>Este 29 de noviembre se entregaron los diplomas a las autoridades electas en la provincia el pasado 10 de septiembre. El evento tuvo lugar en el Paraninfo de la Universidad Nacional del Litoral.<\/p>\n<p>El oriundo de Vera y referente del norte, Sergio Chiqui Rojas, fue uno de los que recibi\u00f3 el reconocimiento como diputado electo por parte del presidente del Tribunal Electoral de Santa Fe, Daniel Erbetta.<\/p>\n<p>Rojas agradeci\u00f3 a los santafesinos que votaron al espacio Unidos, y \u201cespecialmente a la gente del norte, que confi\u00f3 en nosotros y en nuestras propuestas. Mi compromiso es recorrer, escuchar a todos los sectores y trabajar estos 4 a\u00f1os para transformar a Santa Fe en una provincia m\u00e1s justa y equitativa\u201d.<\/p>\n<p>La jura de los diputados se realizar\u00e1 el 6 de diciembre pr\u00f3ximo. Recordemos que el frente Unidos tendr\u00e1 la mayor\u00eda en la C\u00e1mara de Diputados, que todo indica ser\u00e1 presidida por la socialista Clara Garc\u00eda.<\/p>\n","protected":false},"excerpt":{"rendered":"<p>Este 29 de noviembre se entregaron los diplomas a las autoridades electas en la provincia el pasado 10 de septiembre. El evento tuvo lugar en el Paraninfo de la Universidad Nacional del Litoral. El oriundo de Vera y referente del norte, Sergio Chiqui Rojas, fue uno de los que recibi\u00f3 el reconocimiento como diputado electo [&hellip;]<\/p>\n","protected":false},"author":3,"featured_media":48345,"comment_status":"closed","ping_status":"closed","sticky":false,"template":"","format":"standard","meta":{"_joinchat":[],"footnotes":""},"categories":[53],"tags":[],"class_list":{"0":"post-48344","1":"post","2":"type-post","3":"status-publish","4":"format-standard","5":"has-post-thumbnail","7":"category-vera"},"_links":{"self":[{"href":"https:\/\/infovera.com.ar\/web\/wp-json\/wp\/v2\/posts\/48344","targetHints":{"allow":["GET"]}}],"collection":[{"href":"https:\/\/infovera.com.ar\/web\/wp-json\/wp\/v2\/posts"}],"about":[{"href":"https:\/\/infovera.com.ar\/web\/wp-json\/wp\/v2\/types\/post"}],"author":[{"embeddable":true,"href":"https:\/\/infovera.com.ar\/web\/wp-json\/wp\/v2\/users\/3"}],"replies":[{"embeddable":true,"href":"https:\/\/infovera.com.ar\/web\/wp-json\/wp\/v2\/comments?post=48344"}],"version-history":[{"count":0,"href":"https:\/\/infovera.com.ar\/web\/wp-json\/wp\/v2\/posts\/48344\/revisions"}],"wp:featuredmedia":[{"embeddable":true,"href":"https:\/\/infovera.com.ar\/web\/wp-json\/wp\/v2\/media\/48345"}],"wp:attachment":[{"href":"https:\/\/infovera.com.ar\/web\/wp-json\/wp\/v2\/media?parent=48344"}],"wp:term":[{"taxonomy":"category","embeddable":true,"href":"https:\/\/infovera.com.ar\/web\/wp-json\/wp\/v2\/categories?post=48344"},{"taxonomy":"post_tag","embeddable":true,"href":"https:\/\/infovera.com.ar\/web\/wp-json\/wp\/v2\/tags?post=48344"}],"curies":[{"name":"wp","href":"https:\/\/api.w.org\/{rel}","templated":true}]}}