{"id":48293,"date":"2023-11-28T19:14:47","date_gmt":"2023-11-28T22:14:47","guid":{"rendered":"https:\/\/infovera.com.ar\/web\/?p=48293"},"modified":"2023-11-28T19:14:47","modified_gmt":"2023-11-28T22:14:47","slug":"con-nuevo-pasajes-y-el-entubado-de-un-desague-pluvial-el-gobierno-de-vera-conecta-a-los-vecinos","status":"publish","type":"post","link":"https:\/\/infovera.com.ar\/web\/2023\/11\/28\/con-nuevo-pasajes-y-el-entubado-de-un-desague-pluvial-el-gobierno-de-vera-conecta-a-los-vecinos\/","title":{"rendered":"Con nuevo pasajes y el entubado de un desag\u00fce pluvial, el gobierno de Vera conecta a los vecinos"},"content":{"rendered":"<p>Se realiz\u00f3 la apertura de dos nuevos pasajes y el entubado de un importante desag\u00fce pluvial.<\/p>\n<p>La Municipalidad de Vera realiz\u00f3 la apertura de dos nuevos pasajes en la Secci\u00f3n Quintas. A trav\u00e9s de los mismos se efectu\u00f3 la conexi\u00f3n de calle Belgrano con Gabriela Mistral, dando a los vecinos de la Manzana 6 una nueva alternativa de circulaci\u00f3n.<\/p>\n<p>Tambi\u00e9n el municipio llev\u00f3 adelante el entubado del desag\u00fce de calle Buenos Aires y Ruta Nacional 11, obra que permitir\u00e1 un mejor escurrimiento pluvial de la zona este de la ciudad y adem\u00e1s posibilitar\u00e1, en un futuro, realizar una nueva conexi\u00f3n vial con los vecinos de ese sector.<\/p>\n<p>La intendente Paula Mitre destac\u00f3 que \u201cel municipio realiza estas obras de infraestructura en distintos barrios de nuestra ciudad para dar respuesta al requerimiento de los vecinos y continuar con la gesti\u00f3n y planificaci\u00f3n de obras que mejoran la calidad de vida de todos los verenses\u201d.<\/p>\n","protected":false},"excerpt":{"rendered":"<p>Se realiz\u00f3 la apertura de dos nuevos pasajes y el entubado de un importante desag\u00fce pluvial. La Municipalidad de Vera realiz\u00f3 la apertura de dos nuevos pasajes en la Secci\u00f3n Quintas. A trav\u00e9s de los mismos se efectu\u00f3 la conexi\u00f3n de calle Belgrano con Gabriela Mistral, dando a los vecinos de la Manzana 6 una [&hellip;]<\/p>\n","protected":false},"author":3,"featured_media":48294,"comment_status":"closed","ping_status":"closed","sticky":false,"template":"","format":"standard","meta":{"_joinchat":[],"footnotes":""},"categories":[53],"tags":[],"class_list":{"0":"post-48293","1":"post","2":"type-post","3":"status-publish","4":"format-standard","5":"has-post-thumbnail","7":"category-vera"},"_links":{"self":[{"href":"https:\/\/infovera.com.ar\/web\/wp-json\/wp\/v2\/posts\/48293","targetHints":{"allow":["GET"]}}],"collection":[{"href":"https:\/\/infovera.com.ar\/web\/wp-json\/wp\/v2\/posts"}],"about":[{"href":"https:\/\/infovera.com.ar\/web\/wp-json\/wp\/v2\/types\/post"}],"author":[{"embeddable":true,"href":"https:\/\/infovera.com.ar\/web\/wp-json\/wp\/v2\/users\/3"}],"replies":[{"embeddable":true,"href":"https:\/\/infovera.com.ar\/web\/wp-json\/wp\/v2\/comments?post=48293"}],"version-history":[{"count":0,"href":"https:\/\/infovera.com.ar\/web\/wp-json\/wp\/v2\/posts\/48293\/revisions"}],"wp:featuredmedia":[{"embeddable":true,"href":"https:\/\/infovera.com.ar\/web\/wp-json\/wp\/v2\/media\/48294"}],"wp:attachment":[{"href":"https:\/\/infovera.com.ar\/web\/wp-json\/wp\/v2\/media?parent=48293"}],"wp:term":[{"taxonomy":"category","embeddable":true,"href":"https:\/\/infovera.com.ar\/web\/wp-json\/wp\/v2\/categories?post=48293"},{"taxonomy":"post_tag","embeddable":true,"href":"https:\/\/infovera.com.ar\/web\/wp-json\/wp\/v2\/tags?post=48293"}],"curies":[{"name":"wp","href":"https:\/\/api.w.org\/{rel}","templated":true}]}}