{"id":48274,"date":"2023-11-28T13:40:36","date_gmt":"2023-11-28T16:40:36","guid":{"rendered":"https:\/\/infovera.com.ar\/web\/?p=48274"},"modified":"2023-11-28T19:05:54","modified_gmt":"2023-11-28T22:05:54","slug":"brote-de-encefamolielitis-restrigen-movimientos-de-equinos-y-solo-se-permitiria-el-envio-a-faena-directa","status":"publish","type":"post","link":"https:\/\/infovera.com.ar\/web\/2023\/11\/28\/brote-de-encefamolielitis-restrigen-movimientos-de-equinos-y-solo-se-permitiria-el-envio-a-faena-directa\/","title":{"rendered":"Brote de encefalomielitis: restringen movimientos de equinos y solo se permitir\u00eda el env\u00edo a faena directa"},"content":{"rendered":"<p>Se trata del mismo virus que hab\u00eda afectado a la ganader\u00eda equina en el a\u00f1o 1988.<br \/>\nLa Sociedad Rural de Reconquista fue sede de un reuni\u00f3n informativa. Un profesional de SENASA confirm\u00f3 que se trata del Virus del Oeste. Se peritaron muestras de San Crist\u00f3bal, San Javier y Reconquista.<\/p>\n<p>Con el objetivo de brindar informaci\u00f3n sobre la situaci\u00f3n, llevar tranquilidad y enumerar acciones preventivas para el resguardo de la salud p\u00fablica, autoridades sanitarias mantuvieron un encuentro con productores del norte provincial, una de la regiones junto a Corrientes y Entre R\u00edos donde se registr\u00f3 la presencia del virus de la encefamolielitis equina.<\/p>\n<p>La reuni\u00f3n estuvo presidida por el titular de la entidad anfitriona Augusto Gastaldo, la coordinadora regional del Ministerio de Salud de la provincia, Dra, Leira Mansur, y el m\u00e9dico veterinario Ra\u00fal Saita, del SENASA.<\/p>\n<p>El t\u00e9cnico del organismo nacional de sanidad animal traz\u00f3 un panorama pormenorizado en el que confirm\u00f3 que \u201cen el d\u00eda de la fecha se pudo tipificar el tipo de virus, es el tipo serotipo del Oeste. Eso se hizo en la Universidad Nacional de C\u00f3rdoba, en el Instituto de Virolog\u00eda &#8216;Jos\u00e9 Mar\u00eda Vanella&#8217;\u201d.<\/p>\n<p>Respecto de la cepa detectada, consign\u00f3 que \u201ces el mismo virus que hab\u00eda afectado a la ganader\u00eda equina en el a\u00f1o 1988, y bueno esto fue diagnosticado el d\u00eda s\u00e1bado 25, o sea el s\u00e1bado pasado por la noche\u201d.<\/p>\n<p>Saita rese\u00f1\u00f3 que hasta ese descubrimiento \u201cest\u00e1bamos bastante preocupados porque apareci\u00f3 este tipo de sintomatolog\u00eda y no tener un diagn\u00f3stico certero de laboratorio\u201d.<\/p>\n<p><strong>Zonas afectadas<\/strong><\/p>\n<p>En tal sentido, cont\u00f3 que se hab\u00edan enviado muestras sobre todo de la zona de Corrientes y de la zona norte de la provincia de Santa Fe: \u201cSe enviaron tambi\u00e9n de la zona de San Javier, otro positivo en la zona de San Crist\u00f3bal, tambi\u00e9n se envi\u00f3 muestra de ac\u00e1. Ahora, una vez que se ha llegado al diagn\u00f3stico se van a tomar las denuncias y se van a cargar en el sistema nuestro de SENASA, que es el SIGSA, para evitar los movimientos de los equinos\u201d.<\/p>\n<p>El profesional anticip\u00f3 que posiblemente desde este martes \u201cest\u00e9 para cargar en el sistema el antecedente sanitario, el cual no va a permitir el movimiento de equinos. Lo que estar\u00eda permitido es el env\u00edo de caballos a faena directa\u201d, y subray\u00f3, en cuanto a los movimientos: \u201cS\u00ed, se restringen como se deber\u00edan restringir ante la duda en cualquier tipo de especies, como se hizo toda la vida, todos estos a\u00f1os\u201d.<\/p>\n<p>La disposici\u00f3n que proh\u00edbe el traslado de equinos hacia el resto del pa\u00eds lleva el n\u00famero 363 y abarca a las provincias que tuvieron casos encefalomiel\u00edticos de equinos.<\/p>\n<p>Para finalizar, Saita indic\u00f3 que \u201ccomo es una zoonosis, el vector es el mosquito, debemos tener la precauci\u00f3n y el uso, tanto en los animales como en los humanos, del tema de los repelentes\u201d.<\/p>\n<p><strong>Medidas preventivas<\/strong><\/p>\n<p>Durante el c\u00f3nclave, en el que se recomend\u00f3 especialmente la adopci\u00f3n de medidas preventivas, qued\u00f3 en claro que es marcada la preocupaci\u00f3n del SENASA por la escasez de vacunas y se trabaja con c\u00e1maras de productos veterinarios para agilizar su distribuci\u00f3n. La enfermedad, transmitida de aves a mosquitos y luego a equinos y humanos, tiene un per\u00edodo de incubaci\u00f3n de 5 a 14 d\u00edas.<\/p>\n<p>El presidente ruralista dijo que los s\u00edntomas del Virus del Oeste son similares a los del dengue. Gastaldo inst\u00f3 a evitar la psicosis social luego de la aparici\u00f3n de un video viral que mostraba animales vacunos fallecidos.<\/p>\n<p>Desde el SENASA, se rechaz\u00f3 de plano la veracidad de las im\u00e1genes divulgadas, en tanto se atribuy\u00f3 la muerte de bovinos a una intoxicaci\u00f3n por Hierba del Sapo. El veterinario Saita exhort\u00f3 a detener la difusi\u00f3n de informaci\u00f3n sin fundamentos para evitar generar miedo en la poblaci\u00f3n.<\/p>\n<p>Por su parte, el coordinador de Vinculaci\u00f3n productiva de la Municipalidad de Reconquista, Leonardo Rol\u00f3n, confirm\u00f3 que desde el municipio est\u00e1n muy atentos a la situaci\u00f3n y que se realizar\u00e1n \u201cvisitas a los propietarios de equinos que hay en la ciudad\u201d para procurar que comiencen a utilizar repelente tanto para los animales como para los humanos y que se diagramar\u00e1 un \u201ctrabajo conjunto en distintas \u00e1reas del municipio para el abordaje de la problem\u00e1tica\u201d pero tranquiliz\u00f3 diciendo que por el momento no hay casos confirmados ni sospechosos en la ciudad&#8221;.<\/p>\n","protected":false},"excerpt":{"rendered":"<p>Se trata del mismo virus que hab\u00eda afectado a la ganader\u00eda equina en el a\u00f1o 1988. La Sociedad Rural de Reconquista fue sede de un reuni\u00f3n informativa. Un profesional de SENASA confirm\u00f3 que se trata del Virus del Oeste. Se peritaron muestras de San Crist\u00f3bal, San Javier y Reconquista. Con el objetivo de brindar informaci\u00f3n [&hellip;]<\/p>\n","protected":false},"author":3,"featured_media":18837,"comment_status":"closed","ping_status":"closed","sticky":false,"template":"","format":"standard","meta":{"_joinchat":[],"footnotes":""},"categories":[55,61],"tags":[],"class_list":{"0":"post-48274","1":"post","2":"type-post","3":"status-publish","4":"format-standard","5":"has-post-thumbnail","7":"category-reconquista","8":"category-regionales"},"_links":{"self":[{"href":"https:\/\/infovera.com.ar\/web\/wp-json\/wp\/v2\/posts\/48274","targetHints":{"allow":["GET"]}}],"collection":[{"href":"https:\/\/infovera.com.ar\/web\/wp-json\/wp\/v2\/posts"}],"about":[{"href":"https:\/\/infovera.com.ar\/web\/wp-json\/wp\/v2\/types\/post"}],"author":[{"embeddable":true,"href":"https:\/\/infovera.com.ar\/web\/wp-json\/wp\/v2\/users\/3"}],"replies":[{"embeddable":true,"href":"https:\/\/infovera.com.ar\/web\/wp-json\/wp\/v2\/comments?post=48274"}],"version-history":[{"count":0,"href":"https:\/\/infovera.com.ar\/web\/wp-json\/wp\/v2\/posts\/48274\/revisions"}],"wp:featuredmedia":[{"embeddable":true,"href":"https:\/\/infovera.com.ar\/web\/wp-json\/wp\/v2\/media\/18837"}],"wp:attachment":[{"href":"https:\/\/infovera.com.ar\/web\/wp-json\/wp\/v2\/media?parent=48274"}],"wp:term":[{"taxonomy":"category","embeddable":true,"href":"https:\/\/infovera.com.ar\/web\/wp-json\/wp\/v2\/categories?post=48274"},{"taxonomy":"post_tag","embeddable":true,"href":"https:\/\/infovera.com.ar\/web\/wp-json\/wp\/v2\/tags?post=48274"}],"curies":[{"name":"wp","href":"https:\/\/api.w.org\/{rel}","templated":true}]}}