{"id":48252,"date":"2023-11-27T12:16:24","date_gmt":"2023-11-27T15:16:24","guid":{"rendered":"https:\/\/infovera.com.ar\/web\/?p=48252"},"modified":"2023-11-28T13:43:25","modified_gmt":"2023-11-28T16:43:25","slug":"la-provincia-confirmo-un-caso-de-encefalomielitis-equina-en-san-cristobal","status":"publish","type":"post","link":"https:\/\/infovera.com.ar\/web\/2023\/11\/27\/la-provincia-confirmo-un-caso-de-encefalomielitis-equina-en-san-cristobal\/","title":{"rendered":"La provincia confirm\u00f3 un caso de encefalomielitis equina en San Crist\u00f3bal"},"content":{"rendered":"<p>El Ministerio de Producci\u00f3n, Ciencia y Tecnolog\u00eda, a trav\u00e9s de la Secretar\u00eda de Agroalimentos, inform\u00f3 que el Servicio Nacional de Sanidad y Calidad Agroalimentaria (SENASA) detect\u00f3 un caso de encefalomielitis equina (Alphavirus) en la ciudadde San Crist\u00f3bal. Se trata del primero en la provincia.<\/p>\n<p>A ra\u00edz de este caso, y de otro ocurrido en la provincia de Corrientes, la Direcci\u00f3n Nacional de Sanidad Animal de la Naci\u00f3n dispuso una serie de medidas sanitarias inmediatas, extraordinarias, excepcionales y de contenci\u00f3n ante brotes de Encefalomielitis Equinas (EE). Las mismas contemplan la restricci\u00f3n de movimientos y la prohibici\u00f3n del egreso de equinos desde las provincias afectadas, en las que se ha diagnosticado la enfermedad, al resto del pa\u00eds. En tanto, los organizadores de eventos de concentraci\u00f3n de equinos deber\u00e1n exigir antes del ingreso que el animal cuente con una vacunaci\u00f3n vigente para Encefalomielitis Equina del Este y del Oeste, aplicada al menos 15 d\u00edas antes del movimiento.<\/p>\n<p>SOBRE LA ENFERMEDAD<\/p>\n<p>La enfermedad viral es transmitida por mosquitos, y afecta no s\u00f3lo a los equinos, sino tambi\u00e9n a los seres humanos y su per\u00edodo de incubaci\u00f3n es de 5 a 14 d\u00edas.<\/p>\n<p>Aquellos establecimientos que informen s\u00edntomas en sus animales o mortandad son sometidos a la restricci\u00f3n absoluta de sus movimientos (mediante una interdicci\u00f3n oficial).<\/p>\n<p>Vale recordar que desde la semana pasada, el SENASA dispuso bloquear el movimiento de animales y tomar muestras a fin de ser procesadas en laboratorio para obtener un diagn\u00f3stico. Las medidas fueron tomadas a partir de la presencia de equinos con s\u00edntomas como: deambulaciones, hiperexcitaci\u00f3n, depresi\u00f3n, hipertermia y dec\u00fabito.<\/p>\n<p>Asimismo, el organismo dio intervenci\u00f3n al Ministerio de Salud de la Naci\u00f3n y a autoridades provinciales, con quienes trabaja de manera articulada.<\/p>\n<p>PREVENCI\u00d3N<\/p>\n<p>Es fundamental la fumigaci\u00f3n con productos autorizados por el Senasa para controlar mosquitos, principal foco de contagio y diseminaci\u00f3n. Adem\u00e1s, vacunar a los equinos contra esta enfermedad. Para ello, el Senasa coordina con la C\u00e1mara de Productos Veterinarios a fin de tener disponibilidad y distribuci\u00f3n de la mayor cantidad de vacunas en el menor tiempo posible.<\/p>\n<p>Por otra parte, se recuerda que este tipo de situaciones debe ser denunciada ante ese organismo nacional, lo que permitir\u00e1 que se realicen acciones inmediatas y un diagn\u00f3stico oficial precoz para actuar con celeridad en caso de brotes de enfermedades ex\u00f3ticas o de alta difusibilidad. Asimismo, se recomienda no aglomerar equinos en ning\u00fan tipo de actividad, productiva o deportiva.<\/p>\n<p>Quienes adviertan este tipo de casos deber\u00e1n notificarlo:<\/p>\n<p>&gt;&gt; Presencialmente en la oficina m\u00e1s cercana de SENASA.<\/p>\n<p>&gt;&gt; Por WhatsApp: 11-5700-5704.<\/p>\n<p>&gt;&gt; A trav\u00e9s de la App para dispositivos m\u00f3viles \u201cNotificaciones Senasa\u201d, disponible en Play Store.<\/p>\n<p>&gt;&gt; Por correo electr\u00f3nico: notificaciones@senasa.gob.ar.<\/p>\n<p>&gt;&gt; En la p\u00e1gina web del organismo en el apartado Avis\u00e1 al Senasa.<\/p>\n","protected":false},"excerpt":{"rendered":"<p>El Ministerio de Producci\u00f3n, Ciencia y Tecnolog\u00eda, a trav\u00e9s de la Secretar\u00eda de Agroalimentos, inform\u00f3 que el Servicio Nacional de Sanidad y Calidad Agroalimentaria (SENASA) detect\u00f3 un caso de encefalomielitis equina (Alphavirus) en la ciudadde San Crist\u00f3bal. Se trata del primero en la provincia. A ra\u00edz de este caso, y de otro ocurrido en la [&hellip;]<\/p>\n","protected":false},"author":3,"featured_media":48253,"comment_status":"closed","ping_status":"closed","sticky":false,"template":"","format":"standard","meta":{"_joinchat":[],"footnotes":""},"categories":[60],"tags":[],"class_list":{"0":"post-48252","1":"post","2":"type-post","3":"status-publish","4":"format-standard","5":"has-post-thumbnail","7":"category-provinciales"},"_links":{"self":[{"href":"https:\/\/infovera.com.ar\/web\/wp-json\/wp\/v2\/posts\/48252","targetHints":{"allow":["GET"]}}],"collection":[{"href":"https:\/\/infovera.com.ar\/web\/wp-json\/wp\/v2\/posts"}],"about":[{"href":"https:\/\/infovera.com.ar\/web\/wp-json\/wp\/v2\/types\/post"}],"author":[{"embeddable":true,"href":"https:\/\/infovera.com.ar\/web\/wp-json\/wp\/v2\/users\/3"}],"replies":[{"embeddable":true,"href":"https:\/\/infovera.com.ar\/web\/wp-json\/wp\/v2\/comments?post=48252"}],"version-history":[{"count":0,"href":"https:\/\/infovera.com.ar\/web\/wp-json\/wp\/v2\/posts\/48252\/revisions"}],"wp:featuredmedia":[{"embeddable":true,"href":"https:\/\/infovera.com.ar\/web\/wp-json\/wp\/v2\/media\/48253"}],"wp:attachment":[{"href":"https:\/\/infovera.com.ar\/web\/wp-json\/wp\/v2\/media?parent=48252"}],"wp:term":[{"taxonomy":"category","embeddable":true,"href":"https:\/\/infovera.com.ar\/web\/wp-json\/wp\/v2\/categories?post=48252"},{"taxonomy":"post_tag","embeddable":true,"href":"https:\/\/infovera.com.ar\/web\/wp-json\/wp\/v2\/tags?post=48252"}],"curies":[{"name":"wp","href":"https:\/\/api.w.org\/{rel}","templated":true}]}}