{"id":48248,"date":"2023-11-27T08:16:35","date_gmt":"2023-11-27T11:16:35","guid":{"rendered":"https:\/\/infovera.com.ar\/web\/?p=48248"},"modified":"2023-11-27T18:35:23","modified_gmt":"2023-11-27T21:35:23","slug":"solo-escoriaciones-para-un-verense-que-volco-en-malabrigo","status":"publish","type":"post","link":"https:\/\/infovera.com.ar\/web\/2023\/11\/27\/solo-escoriaciones-para-un-verense-que-volco-en-malabrigo\/","title":{"rendered":"Solo escoriaciones para un verense que volc\u00f3 en Malabrigo"},"content":{"rendered":"<p>La Unidad Regional IX inform\u00f3 que en la madrugada del domingo, a las 5:25, un empleado de la estaci\u00f3n de servicio de Malabrigo ubicada en Ruta Nacional 11 de esta ciudad dio cuenta que hab\u00eda volcado un veh\u00edculo a la altura de Las Catalinas.<\/p>\n<p>Una comisi\u00f3n policial arrib\u00f3 al KM 740 de dicha ruta y a mano izquierda dio observ\u00f3 a un hombre que hac\u00eda se\u00f1as de manos, el cual se encontraba fuera del veh\u00edculo.<\/p>\n<p>Entrevistado, dijo ser H\u00e9ctor Rojas, de 53 a\u00f1os, comisionista y transportista de Vera, quien manifest\u00f3 que momentos antes venia circulando en su auto Fiat Argo hac\u00eda el sur cuando al llegar a ese punto, sin intervenci\u00f3n de terceros, perdi\u00f3 el control de su conducido, cruz\u00e1ndose de carril y volcando sobre la banquina.<\/p>\n<p>Se hicieron presentes en el lugar Bomberos Voluntarios de Malabrigo, trasladando al conductor hac\u00eda el Hospital local donde un m\u00e9dico constat\u00f3 solo escoriaciones.<\/p>\n","protected":false},"excerpt":{"rendered":"<p>La Unidad Regional IX inform\u00f3 que en la madrugada del domingo, a las 5:25, un empleado de la estaci\u00f3n de servicio de Malabrigo ubicada en Ruta Nacional 11 de esta ciudad dio cuenta que hab\u00eda volcado un veh\u00edculo a la altura de Las Catalinas. Una comisi\u00f3n policial arrib\u00f3 al KM 740 de dicha ruta y [&hellip;]<\/p>\n","protected":false},"author":3,"featured_media":48249,"comment_status":"closed","ping_status":"closed","sticky":false,"template":"","format":"standard","meta":{"_joinchat":[],"footnotes":""},"categories":[51,30],"tags":[],"class_list":{"0":"post-48248","1":"post","2":"type-post","3":"status-publish","4":"format-standard","5":"has-post-thumbnail","7":"category-locales","8":"category-policiales"},"_links":{"self":[{"href":"https:\/\/infovera.com.ar\/web\/wp-json\/wp\/v2\/posts\/48248","targetHints":{"allow":["GET"]}}],"collection":[{"href":"https:\/\/infovera.com.ar\/web\/wp-json\/wp\/v2\/posts"}],"about":[{"href":"https:\/\/infovera.com.ar\/web\/wp-json\/wp\/v2\/types\/post"}],"author":[{"embeddable":true,"href":"https:\/\/infovera.com.ar\/web\/wp-json\/wp\/v2\/users\/3"}],"replies":[{"embeddable":true,"href":"https:\/\/infovera.com.ar\/web\/wp-json\/wp\/v2\/comments?post=48248"}],"version-history":[{"count":0,"href":"https:\/\/infovera.com.ar\/web\/wp-json\/wp\/v2\/posts\/48248\/revisions"}],"wp:featuredmedia":[{"embeddable":true,"href":"https:\/\/infovera.com.ar\/web\/wp-json\/wp\/v2\/media\/48249"}],"wp:attachment":[{"href":"https:\/\/infovera.com.ar\/web\/wp-json\/wp\/v2\/media?parent=48248"}],"wp:term":[{"taxonomy":"category","embeddable":true,"href":"https:\/\/infovera.com.ar\/web\/wp-json\/wp\/v2\/categories?post=48248"},{"taxonomy":"post_tag","embeddable":true,"href":"https:\/\/infovera.com.ar\/web\/wp-json\/wp\/v2\/tags?post=48248"}],"curies":[{"name":"wp","href":"https:\/\/api.w.org\/{rel}","templated":true}]}}