{"id":48219,"date":"2023-11-25T13:17:37","date_gmt":"2023-11-25T16:17:37","guid":{"rendered":"https:\/\/infovera.com.ar\/web\/?p=48219"},"modified":"2023-11-26T10:34:48","modified_gmt":"2023-11-26T13:34:48","slug":"alertan-por-la-aparicion-de-cuadros-neurologicos-en-equinos-del-norte-provincial","status":"publish","type":"post","link":"https:\/\/infovera.com.ar\/web\/2023\/11\/25\/alertan-por-la-aparicion-de-cuadros-neurologicos-en-equinos-del-norte-provincial\/","title":{"rendered":"Alertan por la aparici\u00f3n de cuadros neurol\u00f3gicos en equinos del norte provincial"},"content":{"rendered":"<p>La provincia advierte sobre la situaci\u00f3n sanitaria en equinos<\/p>\n<p>A partir de la aparici\u00f3n de sintomatolog\u00eda nerviosa en estos animales, se llevan adelante, a trav\u00e9s del SENASA, diversas acciones para obtener un diagn\u00f3stico certero. Adem\u00e1s, se insta a la poblaci\u00f3n a denunciar estas situaciones.<\/p>\n<p>El Ministerio de Producci\u00f3n, Ciencia y Tecnolog\u00eda, a trav\u00e9s de la Secretar\u00eda de Agroalimentos, inform\u00f3 que el Servicio Nacional de Sanidad y Calidad Agroalimentaria (SENASA), lleva adelante medidas sanitarias y de vigilancia preventivas con el objetivo de obtener un diagn\u00f3stico certero ante cuadros neurol\u00f3gicos reportados en equinos en distintos predios de Corrientes, norte de Santa Fe y Entre R\u00edos.<\/p>\n<p>En primera instancia, SENASA dispuso bloquear el movimiento de animales y tomar muestras a fin de ser procesadas en laboratorio para obtener un diagn\u00f3stico. Las medidas fueron tomadas a partir de la presencia de equinos con s\u00edntomas como: deambulaciones, hiperexcitaci\u00f3n, depresi\u00f3n, hipertermia y dec\u00fabito.<\/p>\n<p>Por otra parte, se recuerda que este tipo de situaciones debe ser denunciada ante ese organismo nacional, lo que permitir\u00e1 que se realicen acciones inmediatas y un diagn\u00f3stico oficial precoz para actuar con celeridad en caso de brotes de enfermedades ex\u00f3ticas o de alta difusibilidad. Asimismo, se recomienda no aglomerar equinos en ning\u00fan tipo de actividad, productiva o deportiva.<\/p>\n<p>Adem\u00e1s, se solicita a los productores y veterinarios privados que colaboren al momento de los relevamientos, aportando informaci\u00f3n precisa sobre el estado de los animales al inicio de los signos cl\u00ednicos y las categor\u00edas afectadas. Tambi\u00e9n si los animales han recibido alg\u00fan tratamiento sintom\u00e1tico para as\u00ed informar en los protocolos que se realicen durante la atenci\u00f3n en los diferentes operativos.<\/p>\n<p>Quienes adviertan este tipo de casos deber\u00e1n notificarlo:<\/p>\n<p>-Presencialmente en la oficina m\u00e1s cercana de SENASA.<br \/>\n-Por WhatsApp: 11-5700-5704.<br \/>\n-A trav\u00e9s de la App para dispositivos m\u00f3viles \u201cNotificaciones Senasa\u201d, disponible en Play Store.<br \/>\n-Por correo electr\u00f3nico:\u00a0notificaciones@senasa.gob.ar.<br \/>\n-En la p\u00e1gina web del organismo en el apartado Avis\u00e1 al Senasa.<\/p>\n","protected":false},"excerpt":{"rendered":"<p>La provincia advierte sobre la situaci\u00f3n sanitaria en equinos A partir de la aparici\u00f3n de sintomatolog\u00eda nerviosa en estos animales, se llevan adelante, a trav\u00e9s del SENASA, diversas acciones para obtener un diagn\u00f3stico certero. Adem\u00e1s, se insta a la poblaci\u00f3n a denunciar estas situaciones. El Ministerio de Producci\u00f3n, Ciencia y Tecnolog\u00eda, a trav\u00e9s de la [&hellip;]<\/p>\n","protected":false},"author":3,"featured_media":48220,"comment_status":"closed","ping_status":"closed","sticky":false,"template":"","format":"standard","meta":{"_joinchat":[],"footnotes":""},"categories":[61],"tags":[],"class_list":{"0":"post-48219","1":"post","2":"type-post","3":"status-publish","4":"format-standard","5":"has-post-thumbnail","7":"category-regionales"},"_links":{"self":[{"href":"https:\/\/infovera.com.ar\/web\/wp-json\/wp\/v2\/posts\/48219","targetHints":{"allow":["GET"]}}],"collection":[{"href":"https:\/\/infovera.com.ar\/web\/wp-json\/wp\/v2\/posts"}],"about":[{"href":"https:\/\/infovera.com.ar\/web\/wp-json\/wp\/v2\/types\/post"}],"author":[{"embeddable":true,"href":"https:\/\/infovera.com.ar\/web\/wp-json\/wp\/v2\/users\/3"}],"replies":[{"embeddable":true,"href":"https:\/\/infovera.com.ar\/web\/wp-json\/wp\/v2\/comments?post=48219"}],"version-history":[{"count":0,"href":"https:\/\/infovera.com.ar\/web\/wp-json\/wp\/v2\/posts\/48219\/revisions"}],"wp:featuredmedia":[{"embeddable":true,"href":"https:\/\/infovera.com.ar\/web\/wp-json\/wp\/v2\/media\/48220"}],"wp:attachment":[{"href":"https:\/\/infovera.com.ar\/web\/wp-json\/wp\/v2\/media?parent=48219"}],"wp:term":[{"taxonomy":"category","embeddable":true,"href":"https:\/\/infovera.com.ar\/web\/wp-json\/wp\/v2\/categories?post=48219"},{"taxonomy":"post_tag","embeddable":true,"href":"https:\/\/infovera.com.ar\/web\/wp-json\/wp\/v2\/tags?post=48219"}],"curies":[{"name":"wp","href":"https:\/\/api.w.org\/{rel}","templated":true}]}}