{"id":48198,"date":"2023-11-24T13:55:04","date_gmt":"2023-11-24T16:55:04","guid":{"rendered":"https:\/\/infovera.com.ar\/web\/?p=48198"},"modified":"2023-11-24T13:55:04","modified_gmt":"2023-11-24T16:55:04","slug":"finalmente-el-pj-de-santa-fe-no-adelantara-las-elecciones-para-renovar-sus-autoridades","status":"publish","type":"post","link":"https:\/\/infovera.com.ar\/web\/2023\/11\/24\/finalmente-el-pj-de-santa-fe-no-adelantara-las-elecciones-para-renovar-sus-autoridades\/","title":{"rendered":"Finalmente, el PJ de Santa Fe no adelantar\u00e1 las elecciones para renovar sus autoridades"},"content":{"rendered":"<div class=\"custom-text text-content styles_paragraph-detail__iq2ji styles_lila-links__fmg8W styles_note-styles__iXm81\">\n<p>Finalmente, el Partido Justicialista no adelantar\u00e1 su proceso electoral y las actuales autoridades terminar\u00e1n sus mandatos en junio, tal como estaba previsto. La derrota en los comicios provinciales de julio hab\u00eda llevado a que las propias autoridades de la fuerza comenzaran a hablar de la necesidad de precipitar la renovaci\u00f3n de la fuerza, y adelantar los comicios internos para marzo. Lo hicieron, en buena medida, por impulsos personales; pero tambi\u00e9n, influenciados por determinados sectores que intentaron focalizar en esa c\u00fapula la responsabilidad del rev\u00e9s electoral, y comenzaron a probarse el saco de la &#8220;nueva conducci\u00f3n&#8221;.<\/p>\n<\/div>\n<div class=\"styles_article-image-epi__3jf7y\"><picture><img loading=\"lazy\" decoding=\"async\" class=\"styles_cover-image__jSsJM\" src=\"https:\/\/www.ellitoral.com\/images\/2023\/09\/10\/mgLjH-tJX_870x580__1.jpg\" alt=\"Ricardo Olivera, en la sede del PJ.\" width=\"870\" height=\"580\" \/><\/picture>Ricardo Olivera, en la sede del PJ.<\/p>\n<hr \/>\n<\/div>\n<div class=\"custom-text text-content styles_paragraph-detail__iq2ji styles_lila-links__fmg8W styles_note-styles__iXm81\">\n<p><strong>Con la intenci\u00f3n de definir ese adelantamiento, la mesa chica del partido que aglutina a referentes de todos los sectores internos, se reuni\u00f3 este jueves. Y tras un an\u00e1lisis de lo que representar\u00eda en t\u00e9rminos administrativos anticipar el proceso pero fundamentalmente, de lo que implicar\u00eda avanzar con tal empresa en la nueva e incierta coyuntura nacional, es que se decidi\u00f3 no alterar el cronograma, no adelantar las elecciones y dejar que se completen los mandatos.<\/strong><\/p>\n<\/div>\n<div class=\"custom-text text-content styles_paragraph-detail__iq2ji styles_lila-links__fmg8W styles_note-styles__iXm81\">\n<h2><strong>Causas<\/strong><\/h2>\n<\/div>\n<div class=\"custom-text text-content styles_paragraph-detail__iq2ji styles_lila-links__fmg8W styles_note-styles__iXm81\">\n<p>De la reuni\u00f3n, que fue v\u00eda zoom, tambi\u00e9n participaron los integrantes de la Junta Electoral partidaria. En su caso, plantearon los inconvenientes administrativos de poner en marcha un proceso que, en el mejor de los casos, permitir\u00eda anticipar apenas por un mes las asunciones. Seg\u00fan el esquema vigente, los mandatos deber\u00edan finalizar a mitad del a\u00f1o que viene; en tanto que las elecciones podr\u00edan anticiparse &#8211; si se respetan todos los plazos previstos- para mayo.<\/p>\n<\/div>\n<div class=\"custom-text text-content styles_paragraph-detail__iq2ji styles_lila-links__fmg8W styles_note-styles__iXm81\">\n<p><strong>A ello se sum\u00f3 el componente pol\u00edtico derivado de la evaluaci\u00f3n del nuevo cuadro de situaci\u00f3n generado por las elecciones presidenciales. Para los principales dirigentes del PJ, terminar\u00eda siendo casi anecd\u00f3tico poner en marcha un proceso electoral interno en el partido a nivel provincial, cuando en el contexto nacional impera la incertidumbre y grandes interrogantes respecto de c\u00f3mo y en qu\u00e9 derivar\u00e1n las eventuales medidas de gobierno. &#8220;Ser\u00eda como pelearse por un plato, mientras se est\u00e1 hundiendo el Titanic&#8221;, grafic\u00f3 uno de los presentes.<\/strong><\/p>\n<\/div>\n<div class=\"custom-text text-content styles_paragraph-detail__iq2ji styles_lila-links__fmg8W styles_note-styles__iXm81\">\n<p>El peronismo consider\u00f3, entonces, que la renovaci\u00f3n anticipada de autoridades se torn\u00f3 un aspecto secundario en el marco de la actual situaci\u00f3n nacional que, de hecho, exigir\u00e1 posicionamientos pol\u00edticos de parte de todas las fuerzas partidarias. Aun as\u00ed, es posible que antes de fin de a\u00f1o, sea citado el Consejo Ejecutivo provincial para convalidar la decisi\u00f3n adoptada por la mesa chica este jueves<\/p>\n<\/div>\n","protected":false},"excerpt":{"rendered":"<p>Finalmente, el Partido Justicialista no adelantar\u00e1 su proceso electoral y las actuales autoridades terminar\u00e1n sus mandatos en junio, tal como estaba previsto. La derrota en los comicios provinciales de julio hab\u00eda llevado a que las propias autoridades de la fuerza comenzaran a hablar de la necesidad de precipitar la renovaci\u00f3n de la fuerza, y adelantar [&hellip;]<\/p>\n","protected":false},"author":3,"featured_media":48200,"comment_status":"closed","ping_status":"closed","sticky":false,"template":"","format":"standard","meta":{"_joinchat":[],"footnotes":""},"categories":[66],"tags":[],"class_list":{"0":"post-48198","1":"post","2":"type-post","3":"status-publish","4":"format-standard","5":"has-post-thumbnail","7":"category-politica"},"_links":{"self":[{"href":"https:\/\/infovera.com.ar\/web\/wp-json\/wp\/v2\/posts\/48198","targetHints":{"allow":["GET"]}}],"collection":[{"href":"https:\/\/infovera.com.ar\/web\/wp-json\/wp\/v2\/posts"}],"about":[{"href":"https:\/\/infovera.com.ar\/web\/wp-json\/wp\/v2\/types\/post"}],"author":[{"embeddable":true,"href":"https:\/\/infovera.com.ar\/web\/wp-json\/wp\/v2\/users\/3"}],"replies":[{"embeddable":true,"href":"https:\/\/infovera.com.ar\/web\/wp-json\/wp\/v2\/comments?post=48198"}],"version-history":[{"count":0,"href":"https:\/\/infovera.com.ar\/web\/wp-json\/wp\/v2\/posts\/48198\/revisions"}],"wp:featuredmedia":[{"embeddable":true,"href":"https:\/\/infovera.com.ar\/web\/wp-json\/wp\/v2\/media\/48200"}],"wp:attachment":[{"href":"https:\/\/infovera.com.ar\/web\/wp-json\/wp\/v2\/media?parent=48198"}],"wp:term":[{"taxonomy":"category","embeddable":true,"href":"https:\/\/infovera.com.ar\/web\/wp-json\/wp\/v2\/categories?post=48198"},{"taxonomy":"post_tag","embeddable":true,"href":"https:\/\/infovera.com.ar\/web\/wp-json\/wp\/v2\/tags?post=48198"}],"curies":[{"name":"wp","href":"https:\/\/api.w.org\/{rel}","templated":true}]}}