{"id":48164,"date":"2023-11-23T20:22:56","date_gmt":"2023-11-23T23:22:56","guid":{"rendered":"https:\/\/infovera.com.ar\/web\/?p=48164"},"modified":"2023-11-23T20:22:56","modified_gmt":"2023-11-23T23:22:56","slug":"allanaron-una-escribania-de-las-toscas","status":"publish","type":"post","link":"https:\/\/infovera.com.ar\/web\/2023\/11\/23\/allanaron-una-escribania-de-las-toscas\/","title":{"rendered":"Allanaron una escriban\u00eda de Las Toscas"},"content":{"rendered":"<p>En una causa por incumplimiento de los deberes de funcionario p\u00fablico y violaci\u00f3n de medios de prueba.<\/p>\n<p>La investigaci\u00f3n inici\u00f3 a ra\u00edz de una denuncia del Colegio de Escribanos de la provincia de Santa Fe y se extendi\u00f3 a la provincia de Corrientes, donde reside el funcionario involucrado.<\/p>\n<p>La Agencia de Investigaci\u00f3n Criminal, dependiente del Ministerio de Seguridad, realiz\u00f3 hoy un allanamiento en inmediaciones de las calle 17, entre 12 y 14, al 500 de Las Toscas, donde funcionaba la escriban\u00eda del denunciado.<\/p>\n<p>En tanto, por disposici\u00f3n de exhorto de la jueza Dra. Natalia Palud, emitida al Juzgado de Garant\u00edas de Corrientes, la Direcci\u00f3n General de Investigaciones Complejas y Delitos Inform\u00e1ticos de la Polic\u00eda de Corrientes realiz\u00f3 otro allanamiento en el domicilio particular del investigado, ubicado en calle Santa Fe N\u00ba 800 de la ciudad de Corrientes.<\/p>\n<p>En dichos allanamientos se secuestraron protocolos y actuaciones notariales, libros de certificaciones de firmas, registros de intervenciones e informe de inspecci\u00f3n del Colegio de Escribanos; todos elementos requeridos por la justicia por el inter\u00e9s que representan en la causa que se investiga.<\/p>\n<p>Las disposiciones estuvieron a cargo por el fiscal Dr. Norberto Carlos R\u00edos, perteneciente a la Unidad Fiscal de Las Toscas del Ministerio P\u00fablico de la Acusaci\u00f3n.<\/p>\n","protected":false},"excerpt":{"rendered":"<p>En una causa por incumplimiento de los deberes de funcionario p\u00fablico y violaci\u00f3n de medios de prueba. La investigaci\u00f3n inici\u00f3 a ra\u00edz de una denuncia del Colegio de Escribanos de la provincia de Santa Fe y se extendi\u00f3 a la provincia de Corrientes, donde reside el funcionario involucrado. La Agencia de Investigaci\u00f3n Criminal, dependiente del [&hellip;]<\/p>\n","protected":false},"author":3,"featured_media":48165,"comment_status":"closed","ping_status":"closed","sticky":false,"template":"","format":"standard","meta":{"_joinchat":[],"footnotes":""},"categories":[30,61],"tags":[],"class_list":{"0":"post-48164","1":"post","2":"type-post","3":"status-publish","4":"format-standard","5":"has-post-thumbnail","7":"category-policiales","8":"category-regionales"},"_links":{"self":[{"href":"https:\/\/infovera.com.ar\/web\/wp-json\/wp\/v2\/posts\/48164","targetHints":{"allow":["GET"]}}],"collection":[{"href":"https:\/\/infovera.com.ar\/web\/wp-json\/wp\/v2\/posts"}],"about":[{"href":"https:\/\/infovera.com.ar\/web\/wp-json\/wp\/v2\/types\/post"}],"author":[{"embeddable":true,"href":"https:\/\/infovera.com.ar\/web\/wp-json\/wp\/v2\/users\/3"}],"replies":[{"embeddable":true,"href":"https:\/\/infovera.com.ar\/web\/wp-json\/wp\/v2\/comments?post=48164"}],"version-history":[{"count":0,"href":"https:\/\/infovera.com.ar\/web\/wp-json\/wp\/v2\/posts\/48164\/revisions"}],"wp:featuredmedia":[{"embeddable":true,"href":"https:\/\/infovera.com.ar\/web\/wp-json\/wp\/v2\/media\/48165"}],"wp:attachment":[{"href":"https:\/\/infovera.com.ar\/web\/wp-json\/wp\/v2\/media?parent=48164"}],"wp:term":[{"taxonomy":"category","embeddable":true,"href":"https:\/\/infovera.com.ar\/web\/wp-json\/wp\/v2\/categories?post=48164"},{"taxonomy":"post_tag","embeddable":true,"href":"https:\/\/infovera.com.ar\/web\/wp-json\/wp\/v2\/tags?post=48164"}],"curies":[{"name":"wp","href":"https:\/\/api.w.org\/{rel}","templated":true}]}}