{"id":48129,"date":"2023-11-21T20:56:06","date_gmt":"2023-11-21T23:56:06","guid":{"rendered":"https:\/\/infovera.com.ar\/web\/?p=48129"},"modified":"2023-11-22T19:40:26","modified_gmt":"2023-11-22T22:40:26","slug":"videos-la-tormenta-causo-serios-danos-en-san-justo","status":"publish","type":"post","link":"https:\/\/infovera.com.ar\/web\/2023\/11\/21\/videos-la-tormenta-causo-serios-danos-en-san-justo\/","title":{"rendered":"Videos: la tormenta caus\u00f3 serios da\u00f1os en San Justo"},"content":{"rendered":"<p>El temporal de lluvia y fuertes r\u00e1fagas de viento provoc\u00f3 gran cantidad de \u00e1rboles ca\u00eddos y destrozos en viviendas.<\/p>\n<p>El m\u00e1s afectado fue el barrio La Florida, camino al Cementerio local.<\/p>\n<p>El camposanto el viento huracanado derrib\u00f3 ejemplares arb\u00f3reos por doquier.<\/p>\n<div class=\"youtube-embed\" data-video_id=\"\"><iframe loading=\"lazy\" title=\"La tormenta caus\u00f3 destrozos en el Cementerio de San Justo\" width=\"563\" height=\"1000\" src=\"https:\/\/www.youtube.com\/embed\/B4CLmi5p0EI?feature=oembed&#038;enablejsapi=1\" frameborder=\"0\" allow=\"accelerometer; autoplay; clipboard-write; encrypted-media; gyroscope; picture-in-picture; web-share\" referrerpolicy=\"strict-origin-when-cross-origin\" allowfullscreen><\/iframe><\/div>\n<div class=\"youtube-embed\" data-video_id=\"\"><iframe loading=\"lazy\" title=\"Temporal en San Justo\" width=\"563\" height=\"1000\" src=\"https:\/\/www.youtube.com\/embed\/iVTnU2rKOJM?feature=oembed&#038;enablejsapi=1\" frameborder=\"0\" allow=\"accelerometer; autoplay; clipboard-write; encrypted-media; gyroscope; picture-in-picture; web-share\" referrerpolicy=\"strict-origin-when-cross-origin\" allowfullscreen><\/iframe><\/div>\n<p>&nbsp;<\/p>\n","protected":false},"excerpt":{"rendered":"<p>El temporal de lluvia y fuertes r\u00e1fagas de viento provoc\u00f3 gran cantidad de \u00e1rboles ca\u00eddos y destrozos en viviendas. El m\u00e1s afectado fue el barrio La Florida, camino al Cementerio local. El camposanto el viento huracanado derrib\u00f3 ejemplares arb\u00f3reos por doquier. &nbsp;<\/p>\n","protected":false},"author":3,"featured_media":48130,"comment_status":"closed","ping_status":"closed","sticky":false,"template":"","format":"standard","meta":{"_joinchat":[],"footnotes":""},"categories":[61],"tags":[],"class_list":{"0":"post-48129","1":"post","2":"type-post","3":"status-publish","4":"format-standard","5":"has-post-thumbnail","7":"category-regionales"},"_links":{"self":[{"href":"https:\/\/infovera.com.ar\/web\/wp-json\/wp\/v2\/posts\/48129","targetHints":{"allow":["GET"]}}],"collection":[{"href":"https:\/\/infovera.com.ar\/web\/wp-json\/wp\/v2\/posts"}],"about":[{"href":"https:\/\/infovera.com.ar\/web\/wp-json\/wp\/v2\/types\/post"}],"author":[{"embeddable":true,"href":"https:\/\/infovera.com.ar\/web\/wp-json\/wp\/v2\/users\/3"}],"replies":[{"embeddable":true,"href":"https:\/\/infovera.com.ar\/web\/wp-json\/wp\/v2\/comments?post=48129"}],"version-history":[{"count":0,"href":"https:\/\/infovera.com.ar\/web\/wp-json\/wp\/v2\/posts\/48129\/revisions"}],"wp:featuredmedia":[{"embeddable":true,"href":"https:\/\/infovera.com.ar\/web\/wp-json\/wp\/v2\/media\/48130"}],"wp:attachment":[{"href":"https:\/\/infovera.com.ar\/web\/wp-json\/wp\/v2\/media?parent=48129"}],"wp:term":[{"taxonomy":"category","embeddable":true,"href":"https:\/\/infovera.com.ar\/web\/wp-json\/wp\/v2\/categories?post=48129"},{"taxonomy":"post_tag","embeddable":true,"href":"https:\/\/infovera.com.ar\/web\/wp-json\/wp\/v2\/tags?post=48129"}],"curies":[{"name":"wp","href":"https:\/\/api.w.org\/{rel}","templated":true}]}}