{"id":48122,"date":"2023-11-21T18:32:25","date_gmt":"2023-11-21T21:32:25","guid":{"rendered":"https:\/\/infovera.com.ar\/web\/?p=48122"},"modified":"2023-11-21T18:32:25","modified_gmt":"2023-11-21T21:32:25","slug":"la-pavimentacion-de-la-ruta-provincial-n-36-se-encuentra-en-la-etapa-final","status":"publish","type":"post","link":"https:\/\/infovera.com.ar\/web\/2023\/11\/21\/la-pavimentacion-de-la-ruta-provincial-n-36-se-encuentra-en-la-etapa-final\/","title":{"rendered":"La pavimentaci\u00f3n de la ruta Provincial N\u00b0 36 se encuentra en la etapa final"},"content":{"rendered":"<p>La Direcci\u00f3n Provincial de Vialidad dio a conocer que est\u00e1 finalizando con la pavimentaci\u00f3n de 24 kil\u00f3metros de la ruta Provincial N\u00b036, que se enmarcan en la segunda etapa de las obras que se desarrollaron en el corredor vial, que completan la comunicaci\u00f3n de 40 kil\u00f3metros entre la ruta Provincial N\u00b01, en la localidad de Romang (departamento San Javier) y la ruta Nacional N\u00b011, en cercan\u00edas a la ciudad de Vera. La primera etapa, que llega hasta el acceso a Colonia Dur\u00e1n (RP N\u00b087-s), fue finalizada en agosto de 2021.<\/p>\n<p>Sobre los trabajos, el administrador general de la Direcci\u00f3n Provincial de Vialidad, Oscar Ceschi, se\u00f1al\u00f3 que \u201cesta es una obra que nos encomend\u00f3 nuestro gobernador Omar Perotti, que pude recorrer en los \u00faltimos d\u00edas y que con alegr\u00eda enorme, la vemos casi finalizada. Conociendo el norte santafesino, sabemos que para la producci\u00f3n y los vecinos es fundamental tener rutas transversales pavimentadas que faciliten la comunicaci\u00f3n entre los departamentos. Es un logro important\u00edsimo llegar con obras a cada lugar de la provincia&#8221;.<\/p>\n<p>&nbsp;<\/p>\n<p><strong>La obra<\/strong><\/p>\n<p><strong><img decoding=\"async\" src=\"https:\/\/www.santafe.gov.ar\/noticias\/recursos\/fotos\/2023\/11\/2023-11-21NID_279340O_2.jpeg\" alt=\"\" \/><\/strong><br \/>\nLos trabajos consistieron en la construcci\u00f3n de una nueva calzada de concreto asf\u00e1ltico de 5 cent\u00edmetros de espesor y 7,3 metros de ancho, desarrollada sobre una base de estabilizado granular cementado de 15 cent\u00edmetros de espesor y una sub-base de 20 cent\u00edmetros m\u00e1s.<\/p>\n<p>Para la finalizaci\u00f3n de las intervenciones, solo resta la se\u00f1alizaci\u00f3n horizontal y vertical del tramo, las d\u00e1rsenas, las ramas de acceso y egreso y la incorporaci\u00f3n de iluminaci\u00f3n led del nuevo enlace construido en el kil\u00f3metro 726 de la ruta Nacional 11.<\/p>\n<p>Las tareas est\u00e1n a cargo de la firma Rava S.A. de Construcciones y representan una inversi\u00f3n provincial actualizada de $6.140 millones.<\/p>\n","protected":false},"excerpt":{"rendered":"<p>La Direcci\u00f3n Provincial de Vialidad dio a conocer que est\u00e1 finalizando con la pavimentaci\u00f3n de 24 kil\u00f3metros de la ruta Provincial N\u00b036, que se enmarcan en la segunda etapa de las obras que se desarrollaron en el corredor vial, que completan la comunicaci\u00f3n de 40 kil\u00f3metros entre la ruta Provincial N\u00b01, en la localidad de [&hellip;]<\/p>\n","protected":false},"author":3,"featured_media":48123,"comment_status":"closed","ping_status":"closed","sticky":false,"template":"","format":"standard","meta":{"_joinchat":[],"footnotes":""},"categories":[51,53],"tags":[],"class_list":{"0":"post-48122","1":"post","2":"type-post","3":"status-publish","4":"format-standard","5":"has-post-thumbnail","7":"category-locales","8":"category-vera"},"_links":{"self":[{"href":"https:\/\/infovera.com.ar\/web\/wp-json\/wp\/v2\/posts\/48122","targetHints":{"allow":["GET"]}}],"collection":[{"href":"https:\/\/infovera.com.ar\/web\/wp-json\/wp\/v2\/posts"}],"about":[{"href":"https:\/\/infovera.com.ar\/web\/wp-json\/wp\/v2\/types\/post"}],"author":[{"embeddable":true,"href":"https:\/\/infovera.com.ar\/web\/wp-json\/wp\/v2\/users\/3"}],"replies":[{"embeddable":true,"href":"https:\/\/infovera.com.ar\/web\/wp-json\/wp\/v2\/comments?post=48122"}],"version-history":[{"count":0,"href":"https:\/\/infovera.com.ar\/web\/wp-json\/wp\/v2\/posts\/48122\/revisions"}],"wp:featuredmedia":[{"embeddable":true,"href":"https:\/\/infovera.com.ar\/web\/wp-json\/wp\/v2\/media\/48123"}],"wp:attachment":[{"href":"https:\/\/infovera.com.ar\/web\/wp-json\/wp\/v2\/media?parent=48122"}],"wp:term":[{"taxonomy":"category","embeddable":true,"href":"https:\/\/infovera.com.ar\/web\/wp-json\/wp\/v2\/categories?post=48122"},{"taxonomy":"post_tag","embeddable":true,"href":"https:\/\/infovera.com.ar\/web\/wp-json\/wp\/v2\/tags?post=48122"}],"curies":[{"name":"wp","href":"https:\/\/api.w.org\/{rel}","templated":true}]}}