{"id":48119,"date":"2023-11-21T13:55:15","date_gmt":"2023-11-21T16:55:15","guid":{"rendered":"https:\/\/infovera.com.ar\/web\/?p=48119"},"modified":"2023-11-21T20:58:32","modified_gmt":"2023-11-21T23:58:32","slug":"mitre-inicia-su-nuevo-periodo-con-renovado-gabinete","status":"publish","type":"post","link":"https:\/\/infovera.com.ar\/web\/2023\/11\/21\/mitre-inicia-su-nuevo-periodo-con-renovado-gabinete\/","title":{"rendered":"\u00bfMitre inicia su nuevo periodo con renovado gabinete?"},"content":{"rendered":"<p>Luego de las elecciones donde Mitre renov\u00f3 su mandato como Intendente de Vera, comenzaron a circular rumores sobre la posible renovaci\u00f3n del gabinete, sobre todo en las &#8220;\u00e1reas calientes&#8221; que tiene el gobierno municipal, rumores que en estos d\u00edas comenzaron a hacerse m\u00e1s fuertes, incluso dentro del c\u00edrculo de Mitre.<\/p>\n<p>Aunque todav\u00eda no trascendieron nombres ni confirmaciones, el \u00e1rea que debe renovar su titular es la Direcci\u00f3n de Deportes, ya que su actual Director, Federico Moral, asumir\u00e1 como Concejal el pr\u00f3ximo 11 de diciembre.<\/p>\n<p>Dos de las \u00e1reas que representaron un desaf\u00edo para Mitre durante su primer mandato fueron Servicios P\u00fablicos, que mostr\u00f3 un gran declive en su conducci\u00f3n luego del fallecimiento de su primer titular, Silvio Higgimbotton a causa de COVID en el a\u00f1o 2021, tambi\u00e9n Seguridad Urbana, \u00e1rea que se limitaba a un mero control del correcto estacionamiento hasta que en estas \u00faltimas semanas, comenzaron a &#8220;moverse&#8221; realizando operativos y secuestrando motocicletas.<\/p>\n<p>El resto de las \u00e1reas o Secretar\u00edas han sido invisibles durante estos cuatro a\u00f1os, sin demostrar una funcionalidad o una utilidad para la ciudad, como la Secretar\u00eda de Relaciones Institucionales o una pasividad como la Secretar\u00eda de Gobierno.<\/p>\n<p>Las asperezas con el sector del socialismo, acrecentadas desde que se hiciera p\u00fablico el bloque unipersonal de Ana Paula Capello, quien acompa\u00f1\u00f3 Moral en la contienda pol\u00edtica, nos hacen\u00a0 vislumbrar en el horizonte que podr\u00eda no haber un &#8220;gabinete compartido&#8221; con esa fuerza, aunque si con el sector del radicalismo que representa Lilia Sosa, que dicho sea de paso, uno de los nombres que circulaban para la cartera de deportes es Daniel Coronado, profesor de educaci\u00f3n f\u00edsica que iba tercero en la lista de concejales.<\/p>\n<p>&#8220;Airear&#8221; siempre es saludable y m\u00e1s cuando se trata de la cosa p\u00fablica, donde los verenses ponen su futuro en manos de los dirigentes para que se mejore, no para que se estanque con viejas pr\u00e1cticas de las escuelas proselitistas que ya han caducado en este siglo.<\/p>\n","protected":false},"excerpt":{"rendered":"<p>Luego de las elecciones donde Mitre renov\u00f3 su mandato como Intendente de Vera, comenzaron a circular rumores sobre la posible renovaci\u00f3n del gabinete, sobre todo en las &#8220;\u00e1reas calientes&#8221; que tiene el gobierno municipal, rumores que en estos d\u00edas comenzaron a hacerse m\u00e1s fuertes, incluso dentro del c\u00edrculo de Mitre. Aunque todav\u00eda no trascendieron nombres [&hellip;]<\/p>\n","protected":false},"author":3,"featured_media":48120,"comment_status":"closed","ping_status":"closed","sticky":false,"template":"","format":"standard","meta":{"_joinchat":[],"footnotes":""},"categories":[53],"tags":[],"class_list":{"0":"post-48119","1":"post","2":"type-post","3":"status-publish","4":"format-standard","5":"has-post-thumbnail","7":"category-vera"},"_links":{"self":[{"href":"https:\/\/infovera.com.ar\/web\/wp-json\/wp\/v2\/posts\/48119","targetHints":{"allow":["GET"]}}],"collection":[{"href":"https:\/\/infovera.com.ar\/web\/wp-json\/wp\/v2\/posts"}],"about":[{"href":"https:\/\/infovera.com.ar\/web\/wp-json\/wp\/v2\/types\/post"}],"author":[{"embeddable":true,"href":"https:\/\/infovera.com.ar\/web\/wp-json\/wp\/v2\/users\/3"}],"replies":[{"embeddable":true,"href":"https:\/\/infovera.com.ar\/web\/wp-json\/wp\/v2\/comments?post=48119"}],"version-history":[{"count":0,"href":"https:\/\/infovera.com.ar\/web\/wp-json\/wp\/v2\/posts\/48119\/revisions"}],"wp:featuredmedia":[{"embeddable":true,"href":"https:\/\/infovera.com.ar\/web\/wp-json\/wp\/v2\/media\/48120"}],"wp:attachment":[{"href":"https:\/\/infovera.com.ar\/web\/wp-json\/wp\/v2\/media?parent=48119"}],"wp:term":[{"taxonomy":"category","embeddable":true,"href":"https:\/\/infovera.com.ar\/web\/wp-json\/wp\/v2\/categories?post=48119"},{"taxonomy":"post_tag","embeddable":true,"href":"https:\/\/infovera.com.ar\/web\/wp-json\/wp\/v2\/tags?post=48119"}],"curies":[{"name":"wp","href":"https:\/\/api.w.org\/{rel}","templated":true}]}}