{"id":48112,"date":"2023-11-20T18:48:37","date_gmt":"2023-11-20T21:48:37","guid":{"rendered":"https:\/\/infovera.com.ar\/web\/?p=48112"},"modified":"2023-11-21T20:44:38","modified_gmt":"2023-11-21T23:44:38","slug":"accidente-fatal-en-gobernador-crespo","status":"publish","type":"post","link":"https:\/\/infovera.com.ar\/web\/2023\/11\/20\/accidente-fatal-en-gobernador-crespo\/","title":{"rendered":"Accidente fatal en Gobernador Crespo"},"content":{"rendered":"<p>En la ma\u00f1ana del d\u00eda de hoy, siendo las 05:50 Hs., se recibi\u00f3 un llamado telef\u00f3nico al abonado 101 en Comisar\u00eda 3ra., dando cuenta de un accidente de tr\u00e1nsito en Ruta Nacional N\u00b0 11 e intersecci\u00f3n de calle San Mart\u00edn (altura YPF). Constitu\u00eddo el personal policial en el lugar, por causas que se tratan de establecer, colision\u00f3 autom\u00f3vil Gol trend, color gris, conducido por un comerciante, de 35 a\u00f1os de edad, domiciliado en Gobernador Crespo, con un autom\u00f3vil Chevrolet Corsa Classic, color gris, conducido por un remisero de 62 a\u00f1os de edad, acompa\u00f1ado por tres mujeres.<\/p>\n<p>Se comision\u00f3 ambulancia del SAMCo local, a los fines del traslado de los involucrados en el siniestro vial, quienes informan el deceso del conductor del autom\u00f3vil Corsa, y posteriormente el de una de sus pasajeras, una joven de 19 a\u00f1os, con domicilio en La Criolla. Otra de las mismas, result\u00f3 con lesiones leves de car\u00e1cter a considerar, quien fu\u00e9 trasladada en ambulancia al Hospital de San Justo, fines estudios complementarios y en la restante, Lesiones Graves, quien, fu\u00e9 trasladada al hospital Jos\u00e9 M. Cullen de la ciudad de Santa Fe.<\/p>\n<p>Trabajaron en el lugar personal Criminal\u00edstico de AIC, para realizar las pericias correspondientes, personal policial de la Zona, Bomberos Voluntarios y M\u00e9dico Policial de San justo.<\/p>\n<p>El lugar se cerc\u00f3 y luego de las diligencias de rigor, fu\u00e9 liberada la calzada.<\/p>\n<p>El m\u00e9dico policial se comision\u00f3 al SAMCo local de G. Crespo, donde examin\u00f3 al conductor del Gol Trend, no constatando lesiones y s\u00ed aliento et\u00edlico, realiz\u00e1ndole extracci\u00f3n de sangre.<\/p>\n<p>Intervino el MPA de la Acusaci\u00f3n\u00a0 de San Justo, a cargo del Dr. Persello.<\/p>\n","protected":false},"excerpt":{"rendered":"<p>En la ma\u00f1ana del d\u00eda de hoy, siendo las 05:50 Hs., se recibi\u00f3 un llamado telef\u00f3nico al abonado 101 en Comisar\u00eda 3ra., dando cuenta de un accidente de tr\u00e1nsito en Ruta Nacional N\u00b0 11 e intersecci\u00f3n de calle San Mart\u00edn (altura YPF). Constitu\u00eddo el personal policial en el lugar, por causas que se tratan de [&hellip;]<\/p>\n","protected":false},"author":3,"featured_media":48113,"comment_status":"closed","ping_status":"closed","sticky":false,"template":"","format":"standard","meta":{"_joinchat":[],"footnotes":""},"categories":[51,30],"tags":[],"class_list":{"0":"post-48112","1":"post","2":"type-post","3":"status-publish","4":"format-standard","5":"has-post-thumbnail","7":"category-locales","8":"category-policiales"},"_links":{"self":[{"href":"https:\/\/infovera.com.ar\/web\/wp-json\/wp\/v2\/posts\/48112","targetHints":{"allow":["GET"]}}],"collection":[{"href":"https:\/\/infovera.com.ar\/web\/wp-json\/wp\/v2\/posts"}],"about":[{"href":"https:\/\/infovera.com.ar\/web\/wp-json\/wp\/v2\/types\/post"}],"author":[{"embeddable":true,"href":"https:\/\/infovera.com.ar\/web\/wp-json\/wp\/v2\/users\/3"}],"replies":[{"embeddable":true,"href":"https:\/\/infovera.com.ar\/web\/wp-json\/wp\/v2\/comments?post=48112"}],"version-history":[{"count":0,"href":"https:\/\/infovera.com.ar\/web\/wp-json\/wp\/v2\/posts\/48112\/revisions"}],"wp:featuredmedia":[{"embeddable":true,"href":"https:\/\/infovera.com.ar\/web\/wp-json\/wp\/v2\/media\/48113"}],"wp:attachment":[{"href":"https:\/\/infovera.com.ar\/web\/wp-json\/wp\/v2\/media?parent=48112"}],"wp:term":[{"taxonomy":"category","embeddable":true,"href":"https:\/\/infovera.com.ar\/web\/wp-json\/wp\/v2\/categories?post=48112"},{"taxonomy":"post_tag","embeddable":true,"href":"https:\/\/infovera.com.ar\/web\/wp-json\/wp\/v2\/tags?post=48112"}],"curies":[{"name":"wp","href":"https:\/\/api.w.org\/{rel}","templated":true}]}}