{"id":48109,"date":"2023-11-20T10:57:27","date_gmt":"2023-11-20T13:57:27","guid":{"rendered":"https:\/\/infovera.com.ar\/web\/?p=48109"},"modified":"2023-11-20T19:36:31","modified_gmt":"2023-11-20T22:36:31","slug":"tras-el-triunfo-de-milei-un-intendente-norteno-convoco-a-una-reunion-de-urgencia","status":"publish","type":"post","link":"https:\/\/infovera.com.ar\/web\/2023\/11\/20\/tras-el-triunfo-de-milei-un-intendente-norteno-convoco-a-una-reunion-de-urgencia\/","title":{"rendered":"Tras el triunfo de Milei, un intendente norte\u00f1o convoc\u00f3 a una reuni\u00f3n de urgencia"},"content":{"rendered":"<p>La victoria del candidato libertario, electo Presidente por m\u00e1s de 11 puntos porcentuales de diferencia sobre Massa, tuvo efectos inmediatos en el municipio de Reconquista.<\/p>\n<p>A tal punto que el intendente Amadeo Enrique Vallejos convoc\u00f3 en la misma noche del domingo y tras conocerse el resultado del balotaje a una reuni\u00f3n de gabinete para las 20 de este lunes feriado.<\/p>\n<p>Es la primera vez que el equipo de gobierno se concentrar\u00e1 en la sede municipal en un d\u00eda no laborable.<\/p>\n<p>La situaci\u00f3n lo amerita: Reconquista, en su condici\u00f3n de administraci\u00f3n gobernada por el peronismo, queda ahora sin anclaje ni referencias a nivel nacional, algo que tiene correlato tambi\u00e9n en el plano provincial con la inminente gobernaci\u00f3n de Pullaro.<\/p>\n<p>Se espera que Vallejos baje l\u00ednea a su gabinete en cuanto a la austeridad que deber\u00e1 primar en todas y cada una de las \u00e1reas de la Municipalidad, donde el 10 de diciembre asumir\u00e1 su tercer mandato.<\/p>\n<p>Para el mandatario, que los planetas no vayan a estar alineados desde lo pol\u00edtico no es una situaci\u00f3n que no conozca. Ya le toc\u00f3 gobernar su ciudad en el periodo 2015 &#8211; 2019, con Mauricio Macri en la Naci\u00f3n y Miguel Lifschitz en la provincia.<\/p>\n<p>Sin embargo, el escenario actual presenta una diferencia de peso: Milei anunci\u00f3 en su primer mensaje al pueblo argentino en calidad de futuro jefe del Ejecutivo nacional que no hay lugar para graduaciones, y que las pol\u00edticas, por ende, ser\u00e1n de stock.<\/p>\n<p>Hace bien Vallejos, entonces, en abrir el paraguas antes de la lluvia que vendr\u00e1.<\/p>\n","protected":false},"excerpt":{"rendered":"<p>La victoria del candidato libertario, electo Presidente por m\u00e1s de 11 puntos porcentuales de diferencia sobre Massa, tuvo efectos inmediatos en el municipio de Reconquista. A tal punto que el intendente Amadeo Enrique Vallejos convoc\u00f3 en la misma noche del domingo y tras conocerse el resultado del balotaje a una reuni\u00f3n de gabinete para las [&hellip;]<\/p>\n","protected":false},"author":3,"featured_media":16410,"comment_status":"closed","ping_status":"closed","sticky":false,"template":"","format":"standard","meta":{"_joinchat":[],"footnotes":""},"categories":[1],"tags":[],"class_list":{"0":"post-48109","1":"post","2":"type-post","3":"status-publish","4":"format-standard","5":"has-post-thumbnail","7":"category-sin-categoria"},"_links":{"self":[{"href":"https:\/\/infovera.com.ar\/web\/wp-json\/wp\/v2\/posts\/48109","targetHints":{"allow":["GET"]}}],"collection":[{"href":"https:\/\/infovera.com.ar\/web\/wp-json\/wp\/v2\/posts"}],"about":[{"href":"https:\/\/infovera.com.ar\/web\/wp-json\/wp\/v2\/types\/post"}],"author":[{"embeddable":true,"href":"https:\/\/infovera.com.ar\/web\/wp-json\/wp\/v2\/users\/3"}],"replies":[{"embeddable":true,"href":"https:\/\/infovera.com.ar\/web\/wp-json\/wp\/v2\/comments?post=48109"}],"version-history":[{"count":0,"href":"https:\/\/infovera.com.ar\/web\/wp-json\/wp\/v2\/posts\/48109\/revisions"}],"wp:featuredmedia":[{"embeddable":true,"href":"https:\/\/infovera.com.ar\/web\/wp-json\/wp\/v2\/media\/16410"}],"wp:attachment":[{"href":"https:\/\/infovera.com.ar\/web\/wp-json\/wp\/v2\/media?parent=48109"}],"wp:term":[{"taxonomy":"category","embeddable":true,"href":"https:\/\/infovera.com.ar\/web\/wp-json\/wp\/v2\/categories?post=48109"},{"taxonomy":"post_tag","embeddable":true,"href":"https:\/\/infovera.com.ar\/web\/wp-json\/wp\/v2\/tags?post=48109"}],"curies":[{"name":"wp","href":"https:\/\/api.w.org\/{rel}","templated":true}]}}