{"id":48051,"date":"2023-11-16T19:28:07","date_gmt":"2023-11-16T22:28:07","guid":{"rendered":"https:\/\/infovera.com.ar\/web\/?p=48051"},"modified":"2023-11-17T11:00:43","modified_gmt":"2023-11-17T14:00:43","slug":"dionisio-scarpin-anuncio-que-asumira-la-banca-en-diputados","status":"publish","type":"post","link":"https:\/\/infovera.com.ar\/web\/2023\/11\/16\/dionisio-scarpin-anuncio-que-asumira-la-banca-en-diputados\/","title":{"rendered":"Dionisio Scarp\u00edn anunci\u00f3 que asumir\u00e1 la banca en Diputados"},"content":{"rendered":"<p>Tras hablar con Pullaro.<\/p>\n<p>A menos de un mes de que se renueven los cargos ejecutivos y legislativos en la provincia y la Naci\u00f3n, el senador nacional Dionisio Scarp\u00edn anunci\u00f3 en tarde del jueves que asumir\u00e1 la banca de diputado provincial para la que fue electo en las elecciones de este a\u00f1o.<\/p>\n<p>El legislador oriundo de Avellaneda puso fin as\u00ed a especulaciones que se tej\u00edan acerca de su decisi\u00f3n de jurar como miembro de la C\u00e1mara Baja o no. \u201cLo pensamos much\u00edsimo con el equipo, haciendo consultas a instituciones, a empresarios, no solo del norte sino el resto de la provincia\u201d, cont\u00f3.<\/p>\n<p>Sin embargo, dijo que \u201cla \u00faltima consulta en todo este an\u00e1lisis la hice con el gobernador electo, porque en definitiva, tanto en la C\u00e1mara de Diputados de la provincia como en el Senado de la Naci\u00f3n, nos debemos al gobernador electo, somos el mismo partido pol\u00edtico y, despu\u00e9s de 60 a\u00f1os, el radicalismo, obviamente con otras fuerzas, va a gobernar la provincia\u201d.<\/p>\n<p>Scarpin pormenoriz\u00f3 que \u201ctuve una charla extensa por m\u00e1s de una hora con Pullaro y, en definitiva, llegamos a la conclusi\u00f3n de que va a ser m\u00e1s importante que yo est\u00e9 en la C\u00e1mara de Diputados por el tipo de conformaci\u00f3n, pero sobre todo por los momentos dif\u00edciles que tiene la provincia y por la oportunidad que tiene Unidos para Cambiar Santa Fe y el radicalismo de la provincia\u201d.<\/p>\n<p>Explic\u00f3 que la decisi\u00f3n es fortalecer la C\u00e1mara de Diputados, m\u00e1s all\u00e1 de que hay una mayor\u00eda, con dirigentes de peso, para poder llevar adelante todas esas transformaciones que est\u00e1 ideando y que ide\u00f3 el electo gobernador Maximiliano Pullaro.<\/p>\n<p>Por lo tanto, \u201cmi la decisi\u00f3n es estar, o sea, asumir como diputado provincial, un cargo realmente importante para m\u00ed, sin duda, porque es un paso importante en este sentido de ese trabajo conjunto con el gobernador de Santa Fe, para apuntalar esa transformaci\u00f3n\u201d.<\/p>\n<p>En su lugar en el Senado nacional asumir\u00e1 el m\u00e9dico de extracci\u00f3n radical Eduardo \u201cWally\u201d Galaretto.<\/p>\n","protected":false},"excerpt":{"rendered":"<p>Tras hablar con Pullaro. A menos de un mes de que se renueven los cargos ejecutivos y legislativos en la provincia y la Naci\u00f3n, el senador nacional Dionisio Scarp\u00edn anunci\u00f3 en tarde del jueves que asumir\u00e1 la banca de diputado provincial para la que fue electo en las elecciones de este a\u00f1o. El legislador oriundo [&hellip;]<\/p>\n","protected":false},"author":3,"featured_media":29214,"comment_status":"closed","ping_status":"closed","sticky":false,"template":"","format":"standard","meta":{"_joinchat":[],"footnotes":""},"categories":[66,60],"tags":[],"class_list":{"0":"post-48051","1":"post","2":"type-post","3":"status-publish","4":"format-standard","5":"has-post-thumbnail","7":"category-politica","8":"category-provinciales"},"_links":{"self":[{"href":"https:\/\/infovera.com.ar\/web\/wp-json\/wp\/v2\/posts\/48051","targetHints":{"allow":["GET"]}}],"collection":[{"href":"https:\/\/infovera.com.ar\/web\/wp-json\/wp\/v2\/posts"}],"about":[{"href":"https:\/\/infovera.com.ar\/web\/wp-json\/wp\/v2\/types\/post"}],"author":[{"embeddable":true,"href":"https:\/\/infovera.com.ar\/web\/wp-json\/wp\/v2\/users\/3"}],"replies":[{"embeddable":true,"href":"https:\/\/infovera.com.ar\/web\/wp-json\/wp\/v2\/comments?post=48051"}],"version-history":[{"count":0,"href":"https:\/\/infovera.com.ar\/web\/wp-json\/wp\/v2\/posts\/48051\/revisions"}],"wp:featuredmedia":[{"embeddable":true,"href":"https:\/\/infovera.com.ar\/web\/wp-json\/wp\/v2\/media\/29214"}],"wp:attachment":[{"href":"https:\/\/infovera.com.ar\/web\/wp-json\/wp\/v2\/media?parent=48051"}],"wp:term":[{"taxonomy":"category","embeddable":true,"href":"https:\/\/infovera.com.ar\/web\/wp-json\/wp\/v2\/categories?post=48051"},{"taxonomy":"post_tag","embeddable":true,"href":"https:\/\/infovera.com.ar\/web\/wp-json\/wp\/v2\/tags?post=48051"}],"curies":[{"name":"wp","href":"https:\/\/api.w.org\/{rel}","templated":true}]}}