{"id":48031,"date":"2023-11-15T14:21:55","date_gmt":"2023-11-15T17:21:55","guid":{"rendered":"https:\/\/infovera.com.ar\/web\/?p=48031"},"modified":"2023-11-16T13:26:37","modified_gmt":"2023-11-16T16:26:37","slug":"entidades-del-norte-reclamaron-por-la-inseguridad-y-las-puertas-giratorias-de-la-justicia","status":"publish","type":"post","link":"https:\/\/infovera.com.ar\/web\/2023\/11\/15\/entidades-del-norte-reclamaron-por-la-inseguridad-y-las-puertas-giratorias-de-la-justicia\/","title":{"rendered":"Entidades del norte reclamaron por la inseguridad y &#8220;las puertas giratorias&#8221; de la Justicia"},"content":{"rendered":"<p>A trav\u00e9s de un comunicado difundido en la ma\u00f1ana del mi\u00e9rcoles, el Centro Industrial y Comercial Avellaneda junto con entidades nucleadas en la Regi\u00f3n Noreste de Fececo, y otras instituciones locales y regionales, reclamaron seguridad.<\/p>\n<p>Bajo el t\u00edtulo \u201cSeguridad y Justicia !Basta de puertas giratorias!\u201d, expresaron su cercan\u00eda con Gonzalo Sartor y Mar\u00eda Ester Ittig, y con el polic\u00eda Mario Aguirre y toda su familia, por el \u201clamentable hecho que tuvieron que padecer el s\u00e1bado 4 de noviembre en el que resultaron heridos por armas de fuego&#8221;, al ser v\u00edctimas de un violento hecho delictivo.<\/p>\n<p>A partir de este \u201cterrible suceso\u201d y frente a los \u201creiterados delitos que est\u00e1n sucediendo tanto en nuestra ciudad como en toda la zona, la entidad que agrupa al comercio y la industria de Avellaneda y las instituciones que rubricaron el documento hicieron expreso un \u201cllamado atenci\u00f3n\u201d y dijeron \u201dbasta&#8221;, al tiempo que demandaron \u201cseguridad y justicia\u201d a las autoridades judiciales, gobernantes y a quienes tengan alg\u00fan tipo de responsabilidad.<\/p>\n<p>M\u00e1s adelante, aseguraron que se encuentran frente a un \u201cestado de indefensi\u00f3n total por parte de quienes deben cuidarnos, protegernos y brindarnos seguridad&#8221;. En el mismo p\u00e1rrafo, calificaron que \u201ces inadmisible tolerar y que dejemos pasar por alto lo que est\u00e1 sucediendo. Necesitamos que las fuerzas de seguridad puedan hacer su trabajo. Urge que se generen las condiciones y se les brinden las herramientas necesarias para que puedan actuar&#8221;&#8221;.<\/p>\n<figure id=\"attachment_48033\" aria-describedby=\"caption-attachment-48033\" style=\"width: 898px\" class=\"wp-caption aligncenter\"><a href=\"https:\/\/infovera.com.ar\/web\/wp-content\/uploads\/2023\/11\/sartor-.jpg\"><img loading=\"lazy\" decoding=\"async\" class=\"size-full wp-image-48033\" src=\"https:\/\/infovera.com.ar\/web\/wp-content\/uploads\/2023\/11\/sartor-.jpg\" alt=\"\" width=\"898\" height=\"899\" srcset=\"https:\/\/infovera.com.ar\/web\/wp-content\/uploads\/2023\/11\/sartor-.jpg 898w, https:\/\/infovera.com.ar\/web\/wp-content\/uploads\/2023\/11\/sartor--696x697.jpg 696w, https:\/\/infovera.com.ar\/web\/wp-content\/uploads\/2023\/11\/sartor--420x420.jpg 420w\" sizes=\"auto, (max-width: 898px) 100vw, 898px\" \/><\/a><figcaption id=\"caption-attachment-48033\" class=\"wp-caption-text\">Empresario herido.<\/figcaption><\/figure>\n<p><strong>\u201cAmparar delicuentes\u201d<\/strong><\/p>\n<p>A la Justicia, le pidieron que \u201cact\u00fae y vele por nuestros derechos\u201d, y le exigieron: \u201cBasta de amparar delincuentes. Decimos basta de artima\u00f1as judiciales para dejar libres a los responsables de generar tanta inseguridad; decimos basta de impunidad, basta de puertas giratorias. A diario ponen en riesgo la vida de todos los ciudadanos de buena fe que trabajamos y que con tanto esfuerzo intentamos sobrellevar y reponernos de tantas crisis\u201d.<\/p>\n<p>Esta \u00faltima denuncia p\u00fablica tiene fundamento en el hecho delictivo en s\u00ed. \u00a0Un hombre de apellido Pati\u00f1o ingres\u00f3 a una casa quinta situada al sur de Reconquista, en inmediaciones del expeaje, y perpetrado en ese lugar bale\u00f3 en un brazo al due\u00f1o de la vivienda cuando este quiso ingresar. El propietario denunci\u00f3 el ataque y una patrulla policial lleg\u00f3 al sitio; fue en ese momento que el malviviente dispar\u00f3 e hiri\u00f3 en una mano a uno de los polic\u00edas. Ambos fueron trasladados al Hospital Central por las heridas recibidas.<\/p>\n<p><strong>Reincidente<\/strong><\/p>\n<p>Pati\u00f1o, de 30 a\u00f1os y oriundo de Formosa, hab\u00eda sido detenido dos semanas antes por un robo, pero fue liberado. Ahora, en el caso actual, una junta m\u00e9dica psiqui\u00e1trica dictamin\u00f3 su insan\u00eda por lo que no pudo ser imputado y qued\u00f3 alojado en una habitaci\u00f3n del nosocomio de Reconquista.<\/p>\n<p>\u201cNecesitamos seguridad y justicia urgente, no podemos seguir esperando, no podemos quedarnos de brazos cruzados. Es necesario y exigimos que se tomen decisiones contundentes para responder a una demanda social reiterada y persistente\u201d, requirieron las fuerzas intermedias, al tiempo que inquirieron \u201c\u00bfCu\u00e1nto m\u00e1s debemos esperar? Quienes tienen la responsabilidad de conducir los destinos de nuestra provincia y de nuestro pa\u00eds, como as\u00ed tambi\u00e9n los legisladores que nos representan deben trabajar de manera responsable, involucrarse, y comprometerse para poner fin a esta situaci\u00f3n \u00a1No damos m\u00e1s!\u201d.<\/p>\n<p>En el final, insistieron en exigir como sociedad a los tres poderes del Estado que coordinen, eval\u00faen, y tomen decisiones alineadas para dar respuestas certeras a tantos reclamos por inseguridad y falta de justicia, y que \u201clas autoridades escuchen los reclamos de toda una sociedad que dice \u2018basta\u2019. Esperamos se tomen las decisiones correctas para resolver cuanto antes esta situaci\u00f3n por la que estamos atravesando\u201d.<\/p>\n<p><strong>Adhesiones<\/strong><\/p>\n<p>Apoyaron y adhirieron a la requisitoria integrantes de la Regi\u00f3n Noreste de Fececo, a saber: Centros Comerciales e Industriales de San Justo, San Javier, La Criolla, Gobernador Crespo, Malabrigo, Romang, Reconquista, Villa Ocampo y Las Toscas, entre otras instituciones y clubes locales y regionales.<\/p>\n<figure id=\"attachment_48034\" aria-describedby=\"caption-attachment-48034\" style=\"width: 1174px\" class=\"wp-caption aligncenter\"><a href=\"https:\/\/infovera.com.ar\/web\/wp-content\/uploads\/2023\/11\/vivienda.jpg\"><img loading=\"lazy\" decoding=\"async\" class=\"size-full wp-image-48034\" src=\"https:\/\/infovera.com.ar\/web\/wp-content\/uploads\/2023\/11\/vivienda.jpg\" alt=\"\" width=\"1174\" height=\"722\" srcset=\"https:\/\/infovera.com.ar\/web\/wp-content\/uploads\/2023\/11\/vivienda.jpg 1174w, https:\/\/infovera.com.ar\/web\/wp-content\/uploads\/2023\/11\/vivienda-696x428.jpg 696w, https:\/\/infovera.com.ar\/web\/wp-content\/uploads\/2023\/11\/vivienda-1068x657.jpg 1068w, https:\/\/infovera.com.ar\/web\/wp-content\/uploads\/2023\/11\/vivienda-683x420.jpg 683w, https:\/\/infovera.com.ar\/web\/wp-content\/uploads\/2023\/11\/vivienda-356x220.jpg 356w\" sizes=\"auto, (max-width: 1174px) 100vw, 1174px\" \/><\/a><figcaption id=\"caption-attachment-48034\" class=\"wp-caption-text\">Vivienda donde sucedi\u00f3 el hecho.<\/figcaption><\/figure>\n<p><strong>A quemarropa\u00a0<\/strong><\/p>\n<p>El caso caus\u00f3 conmoci\u00f3n en las comunidades del norte debido a la letalidad con la que actu\u00f3 el atacante. Un familiar del empresario v\u00edctima aport\u00f3 detalles escalofriantes de lo sucedido: \u201cLlegan refuerzos y no se entregaba, despu\u00e9s de varias horas de demora, los polic\u00edas reci\u00e9n tiene autorizaci\u00f3n para poder proceder con grupo t\u00e1ctico. Primero intentando negociar a lo que nunca respondi\u00f3, posteriormente con gases y nada; al ingresar, son recibidos con disparos en varias oportunidades, finalmente pueden reducirlo\u201d.<\/p>\n<p>Enseguida, reflexion\u00f3: \u201cEsper\u00f3 para disparar a quemarropa sin importar la vida ajena, desconect\u00f3 alarmas y c\u00e1maras, arm\u00f3 la escopeta que estaba desarmada en diferentes partes de la casa. El agresor es una persona que fue liberada hace d\u00edas por un robo en una Fundaci\u00f3n proxima a nuestra ciudad. \u00bfTenemos que acostumbrarnos a que los delincuente ingresen por una puerta giratoria y salgan?, \u00bfa fuerza policial no puede actuar con dos personas heridas?&#8221;.<\/p>\n<p>Tambi\u00e9n puso en contexto que &#8220;el grupo policial de choque que ingres\u00f3 como \u00faltima opci\u00f3n tiene conocimiento que se va a enfrentar a una persona que los espera con arma de fuego y \u00bftienen que afrontarlo solo con balas de goma? Si los disparos al oficial y mi hermano eran 30 cent\u00edmetros m\u00e1s arriba hoy no lo contar\u00edan. \u00bfQuien es la persona que en realidad tiene que tener mas derechos?&#8221;.<\/p>\n<p>&nbsp;<\/p>\n","protected":false},"excerpt":{"rendered":"<p>A trav\u00e9s de un comunicado difundido en la ma\u00f1ana del mi\u00e9rcoles, el Centro Industrial y Comercial Avellaneda junto con entidades nucleadas en la Regi\u00f3n Noreste de Fececo, y otras instituciones locales y regionales, reclamaron seguridad. Bajo el t\u00edtulo \u201cSeguridad y Justicia !Basta de puertas giratorias!\u201d, expresaron su cercan\u00eda con Gonzalo Sartor y Mar\u00eda Ester Ittig, [&hellip;]<\/p>\n","protected":false},"author":3,"featured_media":48032,"comment_status":"closed","ping_status":"closed","sticky":false,"template":"","format":"standard","meta":{"_joinchat":[],"footnotes":""},"categories":[55,61],"tags":[],"class_list":{"0":"post-48031","1":"post","2":"type-post","3":"status-publish","4":"format-standard","5":"has-post-thumbnail","7":"category-reconquista","8":"category-regionales"},"_links":{"self":[{"href":"https:\/\/infovera.com.ar\/web\/wp-json\/wp\/v2\/posts\/48031","targetHints":{"allow":["GET"]}}],"collection":[{"href":"https:\/\/infovera.com.ar\/web\/wp-json\/wp\/v2\/posts"}],"about":[{"href":"https:\/\/infovera.com.ar\/web\/wp-json\/wp\/v2\/types\/post"}],"author":[{"embeddable":true,"href":"https:\/\/infovera.com.ar\/web\/wp-json\/wp\/v2\/users\/3"}],"replies":[{"embeddable":true,"href":"https:\/\/infovera.com.ar\/web\/wp-json\/wp\/v2\/comments?post=48031"}],"version-history":[{"count":0,"href":"https:\/\/infovera.com.ar\/web\/wp-json\/wp\/v2\/posts\/48031\/revisions"}],"wp:featuredmedia":[{"embeddable":true,"href":"https:\/\/infovera.com.ar\/web\/wp-json\/wp\/v2\/media\/48032"}],"wp:attachment":[{"href":"https:\/\/infovera.com.ar\/web\/wp-json\/wp\/v2\/media?parent=48031"}],"wp:term":[{"taxonomy":"category","embeddable":true,"href":"https:\/\/infovera.com.ar\/web\/wp-json\/wp\/v2\/categories?post=48031"},{"taxonomy":"post_tag","embeddable":true,"href":"https:\/\/infovera.com.ar\/web\/wp-json\/wp\/v2\/tags?post=48031"}],"curies":[{"name":"wp","href":"https:\/\/api.w.org\/{rel}","templated":true}]}}