{"id":48013,"date":"2023-11-14T18:47:45","date_gmt":"2023-11-14T21:47:45","guid":{"rendered":"https:\/\/infovera.com.ar\/web\/?p=48013"},"modified":"2023-11-15T14:23:32","modified_gmt":"2023-11-15T17:23:32","slug":"maximiliano-pullaro-reunio-a-su-futuro-gabinete-en-cayasta","status":"publish","type":"post","link":"https:\/\/infovera.com.ar\/web\/2023\/11\/14\/maximiliano-pullaro-reunio-a-su-futuro-gabinete-en-cayasta\/","title":{"rendered":"Maximiliano Pullaro reuni\u00f3 a su futuro Gabinete en Cayast\u00e1"},"content":{"rendered":"<p>\u201cConformamos un equipo que va a trabajar activamente, todos los d\u00edas, para atender las necesidades de toda la provincia y llevar adelante las transformaciones que necesita Santa Fe\u201d, se\u00f1al\u00f3 el gobernador electo Maximiliano Pullaro tras la primera reuni\u00f3n de trabajo con quienes estar\u00e1n al frente de los 11 ministerios y las secretar\u00edas que depender\u00e1n directamente de \u00e9l.<\/p>\n<p>El gobernador electo de Santa Fe, Maximiliano Pullaro, acompa\u00f1ado por la vicegobernadora electa, Gisela Scaglia, encabez\u00f3 la primera reuni\u00f3n de trabajo de su futuro Gabinete. \u201cConformamos un equipo plural pero con un objetivo com\u00fan: trabajar activamente, todos los d\u00edas, para atender las necesidades de toda la provincia y llevar adelante las transformaciones que hacen falta\u201d, remarc\u00f3. El encuentro se desarroll\u00f3 en Cayast\u00e1:<\/p>\n<p>\u201cElegimos este lugar porque es donde naci\u00f3 Santa Fe hace 450 a\u00f1os\u201d, apunt\u00f3 Pullaro, y destac\u00f3 que \u201cfalta poco para asumir las responsabilidades que los santafesinos nos dieron, y nos preparamos para enfrentar los desaf\u00edos que vienen. Sabemos que son tiempos de dificultad, pero confiamos en gente que tiene experiencia, capacidad y car\u00e1cter para llevar adelante los proyectos que propusimos\u201d.<\/p>\n<p>Durante la reuni\u00f3n -que tuvo lugar en un sal\u00f3n ubicado en la localidad de Cayast\u00e1, y a la que se sumaron tambi\u00e9n un representante por cada partido que integra Unidos Para Cambiar Santa Fe- \u201cescuchamos la presentaci\u00f3n de cada una y cada uno de los integrantes del equipo que conformamos, para que todos estemos al tanto de la situaci\u00f3n en que nos encontramos y hacia d\u00f3nde queremos ir\u201d, se\u00f1al\u00f3 el gobernador electo.<\/p>\n<p>Adem\u00e1s de Maximiliano Pullaro y Gisela Scaglia, participaron del encuentro los futuros ministros y ministras: Fabi\u00e1n Bast\u00eda, de Gobierno e Innovaci\u00f3n P\u00fablica; Lisandro Enrico, de Obras P\u00fablicas; Pablo Olivares, de Econom\u00eda; Pablo Cococcioni, de Justicia y Seguridad; Jos\u00e9 Goity, de Educaci\u00f3n; Silvia Ciancio, de Salud; Victoria Tejeda, de Igualdad y Desarrollo Humano; Gustavo Puccini, de Desarrollo Productivo; Roald \u201cCoco\u201d B\u00e1scolo, de Trabajo, Empleo y Seguridad Social; Enrique Est\u00e9vez, de Ambiente y Cambio Clim\u00e1tico, y Susana Rueda, de Cultura. Tambi\u00e9n estuvo el futuro fiscal de Estado, Domingo Rondina; y los pr\u00f3ximos secretarios: General, Juan Cruz C\u00e1ndido; de Vinculaci\u00f3n Institucional, Juli\u00e1n Galdeano; de Cooperaci\u00f3n, Cristian Cunha; y de Comunicaci\u00f3n, Luis Persello. Por cuestiones de agenda, no pudo asistir el pr\u00f3ximo secretario de Derechos Humanos, Emilio Jat\u00f3n.<\/p>\n<p>Asimismo, el encuentro cont\u00f3 con la asistencia de representantes de los partidos que conforman Unidos para Cambiar Santa Fe. Entre otros, estuvieron Felipe Michlig y Carlos Fascendini, por la UCR; Clara Garc\u00eda, por el Partido Socialista; Gabriel Real, del PDP; Walter Ghione, de UNO; Mariano Roca, de Creo; Gonzalo Mansilla de Souza por la Ucede, Leonardo Vera por el GEN, y Cristian Hoffmann por el Encuentro Republicano Federal.<\/p>\n","protected":false},"excerpt":{"rendered":"<p>\u201cConformamos un equipo que va a trabajar activamente, todos los d\u00edas, para atender las necesidades de toda la provincia y llevar adelante las transformaciones que necesita Santa Fe\u201d, se\u00f1al\u00f3 el gobernador electo Maximiliano Pullaro tras la primera reuni\u00f3n de trabajo con quienes estar\u00e1n al frente de los 11 ministerios y las secretar\u00edas que depender\u00e1n directamente [&hellip;]<\/p>\n","protected":false},"author":3,"featured_media":48014,"comment_status":"closed","ping_status":"closed","sticky":false,"template":"","format":"standard","meta":{"_joinchat":[],"footnotes":""},"categories":[60],"tags":[],"class_list":{"0":"post-48013","1":"post","2":"type-post","3":"status-publish","4":"format-standard","5":"has-post-thumbnail","7":"category-provinciales"},"_links":{"self":[{"href":"https:\/\/infovera.com.ar\/web\/wp-json\/wp\/v2\/posts\/48013","targetHints":{"allow":["GET"]}}],"collection":[{"href":"https:\/\/infovera.com.ar\/web\/wp-json\/wp\/v2\/posts"}],"about":[{"href":"https:\/\/infovera.com.ar\/web\/wp-json\/wp\/v2\/types\/post"}],"author":[{"embeddable":true,"href":"https:\/\/infovera.com.ar\/web\/wp-json\/wp\/v2\/users\/3"}],"replies":[{"embeddable":true,"href":"https:\/\/infovera.com.ar\/web\/wp-json\/wp\/v2\/comments?post=48013"}],"version-history":[{"count":0,"href":"https:\/\/infovera.com.ar\/web\/wp-json\/wp\/v2\/posts\/48013\/revisions"}],"wp:featuredmedia":[{"embeddable":true,"href":"https:\/\/infovera.com.ar\/web\/wp-json\/wp\/v2\/media\/48014"}],"wp:attachment":[{"href":"https:\/\/infovera.com.ar\/web\/wp-json\/wp\/v2\/media?parent=48013"}],"wp:term":[{"taxonomy":"category","embeddable":true,"href":"https:\/\/infovera.com.ar\/web\/wp-json\/wp\/v2\/categories?post=48013"},{"taxonomy":"post_tag","embeddable":true,"href":"https:\/\/infovera.com.ar\/web\/wp-json\/wp\/v2\/tags?post=48013"}],"curies":[{"name":"wp","href":"https:\/\/api.w.org\/{rel}","templated":true}]}}