{"id":47912,"date":"2023-11-09T19:47:00","date_gmt":"2023-11-09T22:47:00","guid":{"rendered":"https:\/\/infovera.com.ar\/web\/?p=47912"},"modified":"2023-11-10T19:42:55","modified_gmt":"2023-11-10T22:42:55","slug":"ampliaron-las-condenas-a-dos-policias-que-vejaron-a-vecinos-en-pandemia","status":"publish","type":"post","link":"https:\/\/infovera.com.ar\/web\/2023\/11\/09\/ampliaron-las-condenas-a-dos-policias-que-vejaron-a-vecinos-en-pandemia\/","title":{"rendered":"Ampliaron las condenas a dos polic\u00edas que vejaron a vecinos en pandemia"},"content":{"rendered":"<p>La C\u00e1mara de Apelaciones en lo Penal de Vera resolvi\u00f3 incrementar la figura penal aplicada a uno de ellos. Y revoc\u00f3 el sobreseimiento del otro numerario y le increment\u00f3 el quantum penal.<\/p>\n<p>En m\u00e9rito de las consideraciones de hecho y derecho expuestas, el Tribunal Pluripersonal del Colegio de Jueces Penales de Segunda Instancia de la Cuarta Circunscripci\u00f3n Judicial compuesto por los jueces Fernando Gentile Bersano, Carlos Renna y Eduardo Bernacchia revoc\u00f3 parcialmente la decisi\u00f3n de primera instancia impugnada y conden\u00f3 al excomisario \u00c1ngel Alem tambi\u00e9n como autor del delito de falsedad ideol\u00f3gica de instrumento p\u00fablico.<\/p>\n<p>El exfuncionario policial hab\u00eda sido condenado el 3 de noviembre de 2022 como autor del delito de vejaciones calificadas por haberse cometido con violencia y por resultar un grave da\u00f1o a la salud de los ofendidos, tres vecinos de Reconquista, a pena de 3 a\u00f1os de ejecuci\u00f3n condicional.<\/p>\n<p>Ahora, el tribunal de alzada entendi\u00f3 que adem\u00e1s de ese delito concurr\u00eda el de falsedad ideol\u00f3gica de instrumento p\u00fablico por haber ama\u00f1ado las actas del procedimiento por el que fue denunciado.<\/p>\n<p>A su vez, los camaristas revocar parcialmente el fallo de la instancia anterior y sentenciaron al exoficial Germ\u00e1n Benitez -que hab\u00eda sido absuelto por el beneficio de la duda- por haberlo hallado part\u00edcipe secundario del delito de vejaciones calificadas y le impusieron la pena de 2 a\u00f1os de prisi\u00f3n de ejecuci\u00f3n condicional e inhabilitaci\u00f3n especial por el doble del t\u00e9rmino de la condena, con costas y accesorias legales.<\/p>\n<p>Ambos deber\u00e1n observar reglas de conducta, tales como la prohibici\u00f3n de comunicaci\u00f3n por cualquier medio con las v\u00edctimas de los hechos y de acercamiento a un radio inferior a cien metros de los domicilios laborales y particulares de las v\u00edctimas, m\u00e1s la obligaci\u00f3n de acreditar la asistencia a cursos, seminarios o talleres sobre derechos humanos, brindados por cualquier organismo p\u00fablico nacional o provincial por un total de no menos de cinco horas, las cuales deber\u00e1n completarse en el per\u00edodo de dos a\u00f1os desde que cobrare firmeza la presente resoluci\u00f3n.<\/p>\n<p>&nbsp;<\/p>\n<p><strong>\u201cDesprecio por la vida\u201d<\/strong><\/p>\n<p>En la acusaci\u00f3n previa al juicio oral contra los dos uniformados, Fiscal\u00eda hab\u00eda referido que los hechos il\u00edcitos investigados \u201cocurrieron alrededor de las 6 de la madrugada del domingo 17 de mayo del a\u00f1o 2020\u2033, y detall\u00f3 que \u201cfueron en la vereda de una vivienda de la ciudad de Reconquista ubicada en calle Freyre al 100\u201d, en la zona este.<\/p>\n<p>&#8220;Sin justificativo valedero, Alem imparti\u00f3 tratos crueles, \u00e1speros, mortificantes, humillantes y rigurosos a las tres v\u00edctimas\u201d, le atribuy\u00f3 el entonces fiscal Leandro Mai, que adem\u00e1s narr\u00f3 que \u201cel (en aquella \u00e9poca) subdirector de Cuerpos hiri\u00f3 al hombre con patadas y golpes de pu\u00f1o en diferentes partes del cuerpo\u201d y que \u201cal advertir lo que estaba ocurriendo, las mujeres intentaron auxiliar a su familiar y fueron violentadas\u201d.<\/p>\n<p>\u201cSeg\u00fan el acta de procedimiento firmada por Alem, los hechos sucedieron en el marco de un patrullaje preventivo. Los polic\u00edas interceptaron al hombre porque estaba circulando por la v\u00eda p\u00fablica sin barbijo, lo que implicaba una infracci\u00f3n a las medidas sanitarias dispuestas en el marco de la pandemia de coronavirus\u201d, relat\u00f3 Mai.<\/p>\n<p>\u201cSi bien la v\u00edctima no llevaba su nariz y boca cubiertas, la agresi\u00f3n que recibi\u00f3 fue absolutamente desmedida\u201d, expres\u00f3 el fiscal, que no dud\u00f3 en calificar lo ocurrido como &#8220;un verdadero atentado a la dignidad humana que denota un desprecio total por la vida ajena\u201d.<\/p>\n<p>&#8220;A sabiendas de que estaba mintiendo, Alem manifest\u00f3 que el hombre y las mujeres le hab\u00edan robado la billetera y hab\u00edan da\u00f1ado los anteojos de GAB\u201d. Al respecto, agreg\u00f3 que \u201ccon su accionar, el polic\u00eda caus\u00f3 un perjuicio a la investigaci\u00f3n del delito y a la fe p\u00fablica\u201d.<\/p>\n<p><strong>Valent\u00eda<\/strong><\/p>\n<p>El funcionario judicial puso en valor \u201cla valent\u00eda de la familia, de los Romero y de Flores, de mantener en todo momento su versi\u00f3n de lo que hab\u00eda acontecido, pidiendo justicia ante dos altos mandos policiales\u201d. Creemos que este tipo de delito \u201cmerec\u00eda una pena de cumplimiento efectivo\u201d, culmin\u00f3.<\/p>\n","protected":false},"excerpt":{"rendered":"<p>La C\u00e1mara de Apelaciones en lo Penal de Vera resolvi\u00f3 incrementar la figura penal aplicada a uno de ellos. Y revoc\u00f3 el sobreseimiento del otro numerario y le increment\u00f3 el quantum penal. En m\u00e9rito de las consideraciones de hecho y derecho expuestas, el Tribunal Pluripersonal del Colegio de Jueces Penales de Segunda Instancia de la [&hellip;]<\/p>\n","protected":false},"author":3,"featured_media":41167,"comment_status":"closed","ping_status":"closed","sticky":false,"template":"","format":"standard","meta":{"_joinchat":[],"footnotes":""},"categories":[30,61],"tags":[],"class_list":{"0":"post-47912","1":"post","2":"type-post","3":"status-publish","4":"format-standard","5":"has-post-thumbnail","7":"category-policiales","8":"category-regionales"},"_links":{"self":[{"href":"https:\/\/infovera.com.ar\/web\/wp-json\/wp\/v2\/posts\/47912","targetHints":{"allow":["GET"]}}],"collection":[{"href":"https:\/\/infovera.com.ar\/web\/wp-json\/wp\/v2\/posts"}],"about":[{"href":"https:\/\/infovera.com.ar\/web\/wp-json\/wp\/v2\/types\/post"}],"author":[{"embeddable":true,"href":"https:\/\/infovera.com.ar\/web\/wp-json\/wp\/v2\/users\/3"}],"replies":[{"embeddable":true,"href":"https:\/\/infovera.com.ar\/web\/wp-json\/wp\/v2\/comments?post=47912"}],"version-history":[{"count":0,"href":"https:\/\/infovera.com.ar\/web\/wp-json\/wp\/v2\/posts\/47912\/revisions"}],"wp:featuredmedia":[{"embeddable":true,"href":"https:\/\/infovera.com.ar\/web\/wp-json\/wp\/v2\/media\/41167"}],"wp:attachment":[{"href":"https:\/\/infovera.com.ar\/web\/wp-json\/wp\/v2\/media?parent=47912"}],"wp:term":[{"taxonomy":"category","embeddable":true,"href":"https:\/\/infovera.com.ar\/web\/wp-json\/wp\/v2\/categories?post=47912"},{"taxonomy":"post_tag","embeddable":true,"href":"https:\/\/infovera.com.ar\/web\/wp-json\/wp\/v2\/tags?post=47912"}],"curies":[{"name":"wp","href":"https:\/\/api.w.org\/{rel}","templated":true}]}}