{"id":47906,"date":"2023-11-09T12:00:39","date_gmt":"2023-11-09T15:00:39","guid":{"rendered":"https:\/\/infovera.com.ar\/web\/?p=47906"},"modified":"2023-11-10T11:56:09","modified_gmt":"2023-11-10T14:56:09","slug":"accidente-en-calchaqui-liberaron-la-ruta-11","status":"publish","type":"post","link":"https:\/\/infovera.com.ar\/web\/2023\/11\/09\/accidente-en-calchaqui-liberaron-la-ruta-11\/","title":{"rendered":"Accidente en Calchaqu\u00ed: liberaron la Ruta 11"},"content":{"rendered":"<p>A media ma\u00f1ana se produjo un accidente de tr\u00e1nsito sobre la Ruta 11,a al altura de Calchaqu\u00ed.<\/p>\n<p>La ruta permaneci\u00f3 cortada tras el choque entre un auto y un moto.<\/p>\n<p>Pasadas las 11, la polic\u00eda pudo liberar el paso por ambas manos y normaliz\u00f3 la transitabilidad por el lugar.<\/p>\n<p>A bordo del auto iba Javier Figueroa, de 47 a\u00f1os.<\/p>\n<p>El conducto de la moto fue identificado como Carlos Troncoso, de 39 a\u00f1os, Fue trasladado al Hospital local por lesiones.<\/p>\n","protected":false},"excerpt":{"rendered":"<p>A media ma\u00f1ana se produjo un accidente de tr\u00e1nsito sobre la Ruta 11,a al altura de Calchaqu\u00ed. La ruta permaneci\u00f3 cortada tras el choque entre un auto y un moto. Pasadas las 11, la polic\u00eda pudo liberar el paso por ambas manos y normaliz\u00f3 la transitabilidad por el lugar. A bordo del auto iba Javier [&hellip;]<\/p>\n","protected":false},"author":3,"featured_media":47907,"comment_status":"closed","ping_status":"closed","sticky":false,"template":"","format":"standard","meta":{"_joinchat":[],"footnotes":""},"categories":[52],"tags":[],"class_list":{"0":"post-47906","1":"post","2":"type-post","3":"status-publish","4":"format-standard","5":"has-post-thumbnail","7":"category-calchaqui"},"_links":{"self":[{"href":"https:\/\/infovera.com.ar\/web\/wp-json\/wp\/v2\/posts\/47906","targetHints":{"allow":["GET"]}}],"collection":[{"href":"https:\/\/infovera.com.ar\/web\/wp-json\/wp\/v2\/posts"}],"about":[{"href":"https:\/\/infovera.com.ar\/web\/wp-json\/wp\/v2\/types\/post"}],"author":[{"embeddable":true,"href":"https:\/\/infovera.com.ar\/web\/wp-json\/wp\/v2\/users\/3"}],"replies":[{"embeddable":true,"href":"https:\/\/infovera.com.ar\/web\/wp-json\/wp\/v2\/comments?post=47906"}],"version-history":[{"count":0,"href":"https:\/\/infovera.com.ar\/web\/wp-json\/wp\/v2\/posts\/47906\/revisions"}],"wp:featuredmedia":[{"embeddable":true,"href":"https:\/\/infovera.com.ar\/web\/wp-json\/wp\/v2\/media\/47907"}],"wp:attachment":[{"href":"https:\/\/infovera.com.ar\/web\/wp-json\/wp\/v2\/media?parent=47906"}],"wp:term":[{"taxonomy":"category","embeddable":true,"href":"https:\/\/infovera.com.ar\/web\/wp-json\/wp\/v2\/categories?post=47906"},{"taxonomy":"post_tag","embeddable":true,"href":"https:\/\/infovera.com.ar\/web\/wp-json\/wp\/v2\/tags?post=47906"}],"curies":[{"name":"wp","href":"https:\/\/api.w.org\/{rel}","templated":true}]}}