{"id":47901,"date":"2023-11-09T11:04:45","date_gmt":"2023-11-09T14:04:45","guid":{"rendered":"https:\/\/infovera.com.ar\/web\/?p=47901"},"modified":"2023-11-09T19:51:39","modified_gmt":"2023-11-09T22:51:39","slug":"fabricio-pizarro-suena-con-jesus-maria","status":"publish","type":"post","link":"https:\/\/infovera.com.ar\/web\/2023\/11\/09\/fabricio-pizarro-suena-con-jesus-maria\/","title":{"rendered":"Fabricio Pizarro sue\u00f1a con Jes\u00fas Mar\u00eda"},"content":{"rendered":"<p>Este joven pe\u00f3n rural de 26 a\u00f1os acaba de ganar el festival de doma en La Sarita que ahora le brinda la oportunidad de participar en Cayast\u00e1, el 10 de diciembre, buscando el pasaporte para la fiesta mayor en Jes\u00fas Mar\u00eda.<\/p>\n<p>La doma es una pasi\u00f3n que se despert\u00f3 desde muy chico y. a pesar de sus riesgos, \u201cme hace muy feliz por eso estaba tan impaciente por llegar a los 18 y empezar a competir\u201d.<\/p>\n<p>Su especialidad es \u201cbasto y encimera\u201d, reconoce que es la categor\u00eda m\u00e1s peligrosa pero \u201ces en la que m\u00e1s seguro me siento\u201d, dijo tambi\u00e9n que prefiere los potros m\u00e1s r\u00e1pidos qu\u00e9 son m\u00e1s exigen a la rienda, \u201ccuando m\u00e1s rebelde y resistente mejor\u201d, se\u00f1ala.<\/p>\n<p>Acompa\u00f1ado por Sergio S\u00e1nchez, fue recibido por el senador Osvaldo Sosa quien se interes\u00f3 por su historia y se comprometi\u00f3 a acompa\u00f1arlo en su sue\u00f1o de llegar al m\u00e1ximo escenario que tiene la doma en Jes\u00fas Mar\u00eda.<\/p>\n<p>Fabricio le cont\u00f3 al senador que vive de changas y muchas veces debi\u00f3 viajar \u201ca dedo\u201d, pasar fr\u00edo, volver triste y con sue\u00f1o por no poder competir porque las montas se asignan por sorteo \u201cy no siempre te toca\u201d, entonces el regreso \u201cse hace largo\u201d.<\/p>\n<p>Su historial registra varias ca\u00eddas, tiene en su haber \u201csiete fracturas y una rotura de ligamentos\u201d que lo llegaron a temer por su futuro pero lo ayud\u00f3 la pandemia, la inactividad de ese tiempo lo oblig\u00f3 a estar quieto y eso contribuy\u00f3 a su recuperaci\u00f3n para volver a montar.<\/p>\n<p>Todo indica que est\u00e1 ante la oportunidad que siempre busc\u00f3, ya no est\u00e1 en soledad y eso lo predispone a aprovecharla al m\u00e1ximo.<\/p>\n<p>El senador Sosa dispuso que se dispongan los medios que garanticen la participaci\u00f3n de Fabricio en los pr\u00f3ximos eventos.<\/p>\n<p>Letyana Press<\/p>\n","protected":false},"excerpt":{"rendered":"<p>Este joven pe\u00f3n rural de 26 a\u00f1os acaba de ganar el festival de doma en La Sarita que ahora le brinda la oportunidad de participar en Cayast\u00e1, el 10 de diciembre, buscando el pasaporte para la fiesta mayor en Jes\u00fas Mar\u00eda. La doma es una pasi\u00f3n que se despert\u00f3 desde muy chico y. a pesar [&hellip;]<\/p>\n","protected":false},"author":3,"featured_media":47902,"comment_status":"closed","ping_status":"closed","sticky":false,"template":"","format":"standard","meta":{"_joinchat":[],"footnotes":""},"categories":[53],"tags":[],"class_list":{"0":"post-47901","1":"post","2":"type-post","3":"status-publish","4":"format-standard","5":"has-post-thumbnail","7":"category-vera"},"_links":{"self":[{"href":"https:\/\/infovera.com.ar\/web\/wp-json\/wp\/v2\/posts\/47901","targetHints":{"allow":["GET"]}}],"collection":[{"href":"https:\/\/infovera.com.ar\/web\/wp-json\/wp\/v2\/posts"}],"about":[{"href":"https:\/\/infovera.com.ar\/web\/wp-json\/wp\/v2\/types\/post"}],"author":[{"embeddable":true,"href":"https:\/\/infovera.com.ar\/web\/wp-json\/wp\/v2\/users\/3"}],"replies":[{"embeddable":true,"href":"https:\/\/infovera.com.ar\/web\/wp-json\/wp\/v2\/comments?post=47901"}],"version-history":[{"count":0,"href":"https:\/\/infovera.com.ar\/web\/wp-json\/wp\/v2\/posts\/47901\/revisions"}],"wp:featuredmedia":[{"embeddable":true,"href":"https:\/\/infovera.com.ar\/web\/wp-json\/wp\/v2\/media\/47902"}],"wp:attachment":[{"href":"https:\/\/infovera.com.ar\/web\/wp-json\/wp\/v2\/media?parent=47901"}],"wp:term":[{"taxonomy":"category","embeddable":true,"href":"https:\/\/infovera.com.ar\/web\/wp-json\/wp\/v2\/categories?post=47901"},{"taxonomy":"post_tag","embeddable":true,"href":"https:\/\/infovera.com.ar\/web\/wp-json\/wp\/v2\/tags?post=47901"}],"curies":[{"name":"wp","href":"https:\/\/api.w.org\/{rel}","templated":true}]}}