{"id":47870,"date":"2023-11-07T19:45:19","date_gmt":"2023-11-07T22:45:19","guid":{"rendered":"https:\/\/infovera.com.ar\/web\/?p=47870"},"modified":"2023-11-08T11:18:05","modified_gmt":"2023-11-08T14:18:05","slug":"padron-provisorio-conoce-el-listado-de-quienes-resultaron-aptos-para-acceder-a-viviendas-en-vera","status":"publish","type":"post","link":"https:\/\/infovera.com.ar\/web\/2023\/11\/07\/padron-provisorio-conoce-el-listado-de-quienes-resultaron-aptos-para-acceder-a-viviendas-en-vera\/","title":{"rendered":"Padr\u00f3n Provisorio: conoc\u00e9 el listado de quienes resultaron aptos para acceder a viviendas en Vera"},"content":{"rendered":"<p>Se encuentra publicado el Padr\u00f3n Provisorio de postulantes correspondiente al Programa de Vivienda que se est\u00e1 ejecutando en la la ciudad de Vera.<\/p>\n<p>En el mismo las personas aptas podr\u00e1n ver su aptitud y los no aptos el motivo de su no aptitud.<\/p>\n<p>Aquellos\/as que quieran apelar su no aptitud podr\u00e1n hacerlo de manera presencial el d\u00eda 09\/11\/23 de 12 a 18 en el Complejo &#8220;La Estaci\u00f3n&#8221; (Rivadavia 1650) con la documentaci\u00f3n correspondiente.<\/p>\n<p>En el caso de no poder asistir podr\u00e1n efectuar la misma a trav\u00e9s del siguiente correo: <a href=\"mailto:socialstafe_dpvyu@santafe.gov.ar\">socialstafe_dpvyu@santafe.gov.ar<\/a> hasta el d\u00eda 10\/11\/23 inclusive.<\/p>\n<p>Para ver el padr\u00f3n ingres\u00e1 en:<\/p>\n<p><a href=\"https:\/\/www.santafe.gov.ar\/index.php\/web\/content\/download\/274687\/1428666\/file\/Padron%20provisorio%20Vera.pdf?fbclid=IwAR3wIPEXr_H3jQG8x1OFWTDHY4CKcLd4YsTVBN5vwGLOFCGhr5xi3ctcV30\">https:\/\/www.santafe.gov.ar\/index.php\/web\/content\/download\/274687\/1428666\/file\/Padron%20provisorio%20Vera.pdf?fbclid=IwAR3wIPEXr_H3jQG8x1OFWTDHY4CKcLd4YsTVBN5vwGLOFCGhr5xi3ctcV30<\/a><\/p>\n","protected":false},"excerpt":{"rendered":"<p>Se encuentra publicado el Padr\u00f3n Provisorio de postulantes correspondiente al Programa de Vivienda que se est\u00e1 ejecutando en la la ciudad de Vera. En el mismo las personas aptas podr\u00e1n ver su aptitud y los no aptos el motivo de su no aptitud. Aquellos\/as que quieran apelar su no aptitud podr\u00e1n hacerlo de manera presencial [&hellip;]<\/p>\n","protected":false},"author":3,"featured_media":6978,"comment_status":"closed","ping_status":"closed","sticky":false,"template":"","format":"standard","meta":{"_joinchat":[],"footnotes":""},"categories":[53],"tags":[],"class_list":{"0":"post-47870","1":"post","2":"type-post","3":"status-publish","4":"format-standard","5":"has-post-thumbnail","7":"category-vera"},"_links":{"self":[{"href":"https:\/\/infovera.com.ar\/web\/wp-json\/wp\/v2\/posts\/47870","targetHints":{"allow":["GET"]}}],"collection":[{"href":"https:\/\/infovera.com.ar\/web\/wp-json\/wp\/v2\/posts"}],"about":[{"href":"https:\/\/infovera.com.ar\/web\/wp-json\/wp\/v2\/types\/post"}],"author":[{"embeddable":true,"href":"https:\/\/infovera.com.ar\/web\/wp-json\/wp\/v2\/users\/3"}],"replies":[{"embeddable":true,"href":"https:\/\/infovera.com.ar\/web\/wp-json\/wp\/v2\/comments?post=47870"}],"version-history":[{"count":0,"href":"https:\/\/infovera.com.ar\/web\/wp-json\/wp\/v2\/posts\/47870\/revisions"}],"wp:featuredmedia":[{"embeddable":true,"href":"https:\/\/infovera.com.ar\/web\/wp-json\/wp\/v2\/media\/6978"}],"wp:attachment":[{"href":"https:\/\/infovera.com.ar\/web\/wp-json\/wp\/v2\/media?parent=47870"}],"wp:term":[{"taxonomy":"category","embeddable":true,"href":"https:\/\/infovera.com.ar\/web\/wp-json\/wp\/v2\/categories?post=47870"},{"taxonomy":"post_tag","embeddable":true,"href":"https:\/\/infovera.com.ar\/web\/wp-json\/wp\/v2\/tags?post=47870"}],"curies":[{"name":"wp","href":"https:\/\/api.w.org\/{rel}","templated":true}]}}