{"id":47848,"date":"2023-11-07T11:20:23","date_gmt":"2023-11-07T14:20:23","guid":{"rendered":"https:\/\/infovera.com.ar\/web\/?p=47848"},"modified":"2023-11-07T20:18:50","modified_gmt":"2023-11-07T23:18:50","slug":"visita-de-jovenes-latinoamericanos","status":"publish","type":"post","link":"https:\/\/infovera.com.ar\/web\/2023\/11\/07\/visita-de-jovenes-latinoamericanos\/","title":{"rendered":"Visita de j\u00f3venes latinoamericanos"},"content":{"rendered":"<p style=\"font-weight: 400;\">La intendente Paula Mitre recibi\u00f3 a un grupo de j\u00f3venes de distintos pa\u00edses y provincias argentinas que est\u00e1n visitando durante esta semana la ciudad de Vera y alrededores.<\/p>\n<p style=\"font-weight: 400;\">Son 40 j\u00f3venes del semi\u00e1rido de Brasil, el corredor seco de Centro Am\u00e9rica y varias provincias de Argentina, coordinados por FUNDAPAZ, llegaron a Vera para intercambiar saberes sobre resiliencia clim\u00e1tica, tecnolog\u00edas para la producci\u00f3n y manejo de recursos.<\/p>\n<p style=\"font-weight: 400;\">Tambi\u00e9n explorar\u00e1n nuestra educaci\u00f3n y cultura: conociendo y vivenciando la educaci\u00f3n por alternancia \u2013 socializar experiencias de formaci\u00f3n que permitieron fortalecer la identidad de la juventud rural campesina e ind\u00edgena.<\/p>\n<p style=\"font-weight: 400;\">El programa de actividades incluye recorrida por distintas ONG del departamento y visita a las Escuelas de la Familia Agraria de Esp\u00edn, Km 50 e Intiyaco.<\/p>\n<p style=\"font-weight: 400;\">La intendente Mitre les agradeci\u00f3 la visita y les dese\u00f3 \u201cuna buena estad\u00eda, que su estad\u00eda y recorrido sea fruct\u00edfero y se lleven una muy buena experiencia de nuestra regi\u00f3n\u201d.<\/p>\n<p style=\"font-weight: 400;\">\u201cEl intercambio de j\u00f3venes de regiones semi\u00e1ridas de Am\u00e9rica Latina, en el marco del 3\u00b0 Programa de Formaci\u00f3n en Agricultura Resiliente al Clima de\u00a0<a href=\"https:\/\/www.facebook.com\/dakisemiaridovivo?__cft__%5b0%5d=AZUEDZqlpGZC81MIbq9SNBc79VqBx8phGBnhbkX_6U4mr3OhHDgjQ4PwolIbzm3VHc7YfsIL70FmEOsmlcyB3VvQzIEND5LwylXU73U5lEkHvI3XLU79JoQjDppMkOtj6mmmsqy1Zuxwzs3UAEpWctxarVXFiy5w7gT8VelvSRQG_J3vAL7NoTWR9EyvvudbtT8&amp;__tn__=-%5dK-R\" data-saferedirecturl=\"https:\/\/www.google.com\/url?q=https:\/\/www.facebook.com\/dakisemiaridovivo?__cft__%255b0%255d%3DAZUEDZqlpGZC81MIbq9SNBc79VqBx8phGBnhbkX_6U4mr3OhHDgjQ4PwolIbzm3VHc7YfsIL70FmEOsmlcyB3VvQzIEND5LwylXU73U5lEkHvI3XLU79JoQjDppMkOtj6mmmsqy1Zuxwzs3UAEpWctxarVXFiy5w7gT8VelvSRQG_J3vAL7NoTWR9EyvvudbtT8%26__tn__%3D-%255dK-R&amp;source=gmail&amp;ust=1699452908539000&amp;usg=AOvVaw13QVWFwhFV4hHLciEdj_eU\">DAKI &#8211; Semi\u00e1rido Vivo<\/a>\u201d.<\/p>\n<p style=\"font-weight: 400;\">\u201cEl contingente estar\u00e1 hasta\u00a0el 11 de noviembre, alrededor de 40 j\u00f3venes de Brasil, el Corredor Seco Centroamericano y el Chaco Argentino estar\u00e1n realizando visitas de campo a organizaciones y familias campesinas, para intercambiar conocimientos y experiencias sobre uso de la tierra, acceso al agua, proyectos productivos, educaci\u00f3n agr\u00edcola y expresiones culturales, entre otros temas\u201d, se\u00f1al\u00f3 un vocero de Fundapaz.<\/p>\n<p>Letyana Press<\/p>\n<p><a href=\"https:\/\/infovera.com.ar\/web\/wp-content\/uploads\/2023\/11\/visita.jpg\"><img loading=\"lazy\" decoding=\"async\" class=\"alignleft size-full wp-image-47852\" src=\"https:\/\/infovera.com.ar\/web\/wp-content\/uploads\/2023\/11\/visita.jpg\" alt=\"\" width=\"1757\" height=\"1166\" srcset=\"https:\/\/infovera.com.ar\/web\/wp-content\/uploads\/2023\/11\/visita.jpg 1757w, https:\/\/infovera.com.ar\/web\/wp-content\/uploads\/2023\/11\/visita-696x462.jpg 696w, https:\/\/infovera.com.ar\/web\/wp-content\/uploads\/2023\/11\/visita-1068x709.jpg 1068w, https:\/\/infovera.com.ar\/web\/wp-content\/uploads\/2023\/11\/visita-633x420.jpg 633w\" sizes=\"auto, (max-width: 1757px) 100vw, 1757px\" \/><\/a><\/p>\n","protected":false},"excerpt":{"rendered":"<p>La intendente Paula Mitre recibi\u00f3 a un grupo de j\u00f3venes de distintos pa\u00edses y provincias argentinas que est\u00e1n visitando durante esta semana la ciudad de Vera y alrededores. Son 40 j\u00f3venes del semi\u00e1rido de Brasil, el corredor seco de Centro Am\u00e9rica y varias provincias de Argentina, coordinados por FUNDAPAZ, llegaron a Vera para intercambiar saberes [&hellip;]<\/p>\n","protected":false},"author":3,"featured_media":47851,"comment_status":"closed","ping_status":"closed","sticky":false,"template":"","format":"standard","meta":{"_joinchat":[],"footnotes":""},"categories":[53],"tags":[],"class_list":{"0":"post-47848","1":"post","2":"type-post","3":"status-publish","4":"format-standard","5":"has-post-thumbnail","7":"category-vera"},"_links":{"self":[{"href":"https:\/\/infovera.com.ar\/web\/wp-json\/wp\/v2\/posts\/47848","targetHints":{"allow":["GET"]}}],"collection":[{"href":"https:\/\/infovera.com.ar\/web\/wp-json\/wp\/v2\/posts"}],"about":[{"href":"https:\/\/infovera.com.ar\/web\/wp-json\/wp\/v2\/types\/post"}],"author":[{"embeddable":true,"href":"https:\/\/infovera.com.ar\/web\/wp-json\/wp\/v2\/users\/3"}],"replies":[{"embeddable":true,"href":"https:\/\/infovera.com.ar\/web\/wp-json\/wp\/v2\/comments?post=47848"}],"version-history":[{"count":0,"href":"https:\/\/infovera.com.ar\/web\/wp-json\/wp\/v2\/posts\/47848\/revisions"}],"wp:featuredmedia":[{"embeddable":true,"href":"https:\/\/infovera.com.ar\/web\/wp-json\/wp\/v2\/media\/47851"}],"wp:attachment":[{"href":"https:\/\/infovera.com.ar\/web\/wp-json\/wp\/v2\/media?parent=47848"}],"wp:term":[{"taxonomy":"category","embeddable":true,"href":"https:\/\/infovera.com.ar\/web\/wp-json\/wp\/v2\/categories?post=47848"},{"taxonomy":"post_tag","embeddable":true,"href":"https:\/\/infovera.com.ar\/web\/wp-json\/wp\/v2\/tags?post=47848"}],"curies":[{"name":"wp","href":"https:\/\/api.w.org\/{rel}","templated":true}]}}