{"id":47780,"date":"2023-11-03T18:55:35","date_gmt":"2023-11-03T21:55:35","guid":{"rendered":"https:\/\/infovera.com.ar\/web\/?p=47780"},"modified":"2023-11-04T12:04:24","modified_gmt":"2023-11-04T15:04:24","slug":"ya-se-palpita-la-gran-final-anual-de-la-lvf","status":"publish","type":"post","link":"https:\/\/infovera.com.ar\/web\/2023\/11\/03\/ya-se-palpita-la-gran-final-anual-de-la-lvf\/","title":{"rendered":"Ya se palpita la gran final anual de la LVF"},"content":{"rendered":"<p>Est\u00e1 todo listo para comience a rodar la pelota de la gran final de Liga Verense de F\u00fatbol.<\/p>\n<p>Giuliani de Crespo jugar\u00e1 de local ante Hurac\u00e1n FBC el domingo 5 de noviembre a las 16:30, en el partido de ida.<\/p>\n<p>&#8220;El Curita&#8221; crespense hace 4 a\u00f1os que milita en la LVF. Entr\u00f3 como ena escuelita de f\u00fatbol\u00a0 hoy hace historia al jugar su primera final en Primera Divisi\u00f3n.<\/p>\n<p>Por otro lado, El Globo es el m\u00e1ximo ganador de torneos liguistas y busca una copa m\u00e1s para sus vitrinas.<\/p>\n<p>Est\u00e1 dado para que todo sea una verdadera fiesta del f\u00fatbol como ya nos tiene acostumbrado la Liga.<\/p>\n<p>En Reserva, Calchaqu\u00ed FC se enfrenta con Estudiantes Unidos, el domingo 5 a las 17 en Calchaqu\u00ed.<\/p>\n","protected":false},"excerpt":{"rendered":"<p>Est\u00e1 todo listo para comience a rodar la pelota de la gran final de Liga Verense de F\u00fatbol. Giuliani de Crespo jugar\u00e1 de local ante Hurac\u00e1n FBC el domingo 5 de noviembre a las 16:30, en el partido de ida. &#8220;El Curita&#8221; crespense hace 4 a\u00f1os que milita en la LVF. Entr\u00f3 como ena escuelita [&hellip;]<\/p>\n","protected":false},"author":3,"featured_media":47781,"comment_status":"closed","ping_status":"closed","sticky":false,"template":"","format":"standard","meta":{"_joinchat":[],"footnotes":""},"categories":[31,35,51],"tags":[],"class_list":{"0":"post-47780","1":"post","2":"type-post","3":"status-publish","4":"format-standard","5":"has-post-thumbnail","7":"category-deportes","8":"category-futbol","9":"category-locales"},"_links":{"self":[{"href":"https:\/\/infovera.com.ar\/web\/wp-json\/wp\/v2\/posts\/47780","targetHints":{"allow":["GET"]}}],"collection":[{"href":"https:\/\/infovera.com.ar\/web\/wp-json\/wp\/v2\/posts"}],"about":[{"href":"https:\/\/infovera.com.ar\/web\/wp-json\/wp\/v2\/types\/post"}],"author":[{"embeddable":true,"href":"https:\/\/infovera.com.ar\/web\/wp-json\/wp\/v2\/users\/3"}],"replies":[{"embeddable":true,"href":"https:\/\/infovera.com.ar\/web\/wp-json\/wp\/v2\/comments?post=47780"}],"version-history":[{"count":0,"href":"https:\/\/infovera.com.ar\/web\/wp-json\/wp\/v2\/posts\/47780\/revisions"}],"wp:featuredmedia":[{"embeddable":true,"href":"https:\/\/infovera.com.ar\/web\/wp-json\/wp\/v2\/media\/47781"}],"wp:attachment":[{"href":"https:\/\/infovera.com.ar\/web\/wp-json\/wp\/v2\/media?parent=47780"}],"wp:term":[{"taxonomy":"category","embeddable":true,"href":"https:\/\/infovera.com.ar\/web\/wp-json\/wp\/v2\/categories?post=47780"},{"taxonomy":"post_tag","embeddable":true,"href":"https:\/\/infovera.com.ar\/web\/wp-json\/wp\/v2\/tags?post=47780"}],"curies":[{"name":"wp","href":"https:\/\/api.w.org\/{rel}","templated":true}]}}