{"id":47775,"date":"2023-11-03T13:49:22","date_gmt":"2023-11-03T16:49:22","guid":{"rendered":"https:\/\/infovera.com.ar\/web\/?p=47775"},"modified":"2023-11-03T19:06:59","modified_gmt":"2023-11-03T22:06:59","slug":"sukerman-en-vera","status":"publish","type":"post","link":"https:\/\/infovera.com.ar\/web\/2023\/11\/03\/sukerman-en-vera\/","title":{"rendered":"Sukerman en Vera"},"content":{"rendered":"<p>El jefe de gabinete del Ministerio de Trabajo y Seguridad Social, Roberto Sukerman, visit\u00f3 Vera donde dio una charla en la Escuela N\u00ba 285 y se entrevist\u00f3 con la presidente del Concejo Municipal, Nancy Senn; dado que la intendente Paula Mitre no se encontraba en la ciudad.<\/p>\n<p>Tambi\u00e9n participaron del encuentro el concejal electo Mario Souilh\u00e9, el director de Control Urbano, Jorge Yuquich y el referente justicialista Alejandro Bustos.<br \/>\nSukerman agradeci\u00f3 a la intendente Paula Mitre \u201cque siempre nos abre las puertas de esta querida ciudad\u201d.<\/p>\n<p>Con respecto al motivo de su llegada, dijo que se encontraba en el marco de una gira por la regi\u00f3n y, en su escala en Vera, comparti\u00f3 una charla con alumnos de la Escuela T\u00e9cnica con quienes mantuvo un muy buen di\u00e1logo \u201ccon una juventud muy informada y predispuesta a intercambiar ideas\u201d.<\/p>\n<p>Remarc\u00f3 \u201cla importancia de estas escuelas t\u00e9cnicas porque son fundamentales a la hora de industrializar y generar desarrollo; es necesario reivindicar el rol de este tipo de establecimientos debido a la calidad de la salida laboral que ofrecen. Por eso felicit\u00e9 a su director y sus alumnos\u201d.<\/p>\n<p>\u201cTambi\u00e9n se habl\u00f3 de los derechos y obligaciones de los trabajadores y de las personas que los contratan\u201d, agreg\u00f3.<\/p>\n<p>El encuentro en la Estaci\u00f3n de Colectivos no fue casual porque es \u201cuna obra que demuestra la importancia que tiene el trabajo conjunto de todos los niveles del Estado, incluyendo a las diferentes fuerzas pol\u00edticas\u201d.<\/p>\n<p>\u201cLa sociedad ya sabe lo que pensamos cada uno, lo que pide ahora es que nos pongamos de acuerdo para solucionarle los problemas que son muchos\u201d, concluy\u00f3.<\/p>\n<p>Letyana Press<\/p>\n","protected":false},"excerpt":{"rendered":"<p>El jefe de gabinete del Ministerio de Trabajo y Seguridad Social, Roberto Sukerman, visit\u00f3 Vera donde dio una charla en la Escuela N\u00ba 285 y se entrevist\u00f3 con la presidente del Concejo Municipal, Nancy Senn; dado que la intendente Paula Mitre no se encontraba en la ciudad. Tambi\u00e9n participaron del encuentro el concejal electo Mario [&hellip;]<\/p>\n","protected":false},"author":3,"featured_media":47776,"comment_status":"closed","ping_status":"closed","sticky":false,"template":"","format":"standard","meta":{"_joinchat":[],"footnotes":""},"categories":[53],"tags":[],"class_list":{"0":"post-47775","1":"post","2":"type-post","3":"status-publish","4":"format-standard","5":"has-post-thumbnail","7":"category-vera"},"_links":{"self":[{"href":"https:\/\/infovera.com.ar\/web\/wp-json\/wp\/v2\/posts\/47775","targetHints":{"allow":["GET"]}}],"collection":[{"href":"https:\/\/infovera.com.ar\/web\/wp-json\/wp\/v2\/posts"}],"about":[{"href":"https:\/\/infovera.com.ar\/web\/wp-json\/wp\/v2\/types\/post"}],"author":[{"embeddable":true,"href":"https:\/\/infovera.com.ar\/web\/wp-json\/wp\/v2\/users\/3"}],"replies":[{"embeddable":true,"href":"https:\/\/infovera.com.ar\/web\/wp-json\/wp\/v2\/comments?post=47775"}],"version-history":[{"count":0,"href":"https:\/\/infovera.com.ar\/web\/wp-json\/wp\/v2\/posts\/47775\/revisions"}],"wp:featuredmedia":[{"embeddable":true,"href":"https:\/\/infovera.com.ar\/web\/wp-json\/wp\/v2\/media\/47776"}],"wp:attachment":[{"href":"https:\/\/infovera.com.ar\/web\/wp-json\/wp\/v2\/media?parent=47775"}],"wp:term":[{"taxonomy":"category","embeddable":true,"href":"https:\/\/infovera.com.ar\/web\/wp-json\/wp\/v2\/categories?post=47775"},{"taxonomy":"post_tag","embeddable":true,"href":"https:\/\/infovera.com.ar\/web\/wp-json\/wp\/v2\/tags?post=47775"}],"curies":[{"name":"wp","href":"https:\/\/api.w.org\/{rel}","templated":true}]}}